{"id":3052,"date":"2020-10-02T17:45:20","date_gmt":"2020-10-02T20:45:20","guid":{"rendered":"http:\/\/www.centraldenoticias.com.ar\/?p=3052"},"modified":"2020-10-02T17:45:20","modified_gmt":"2020-10-02T20:45:20","slug":"de-una-manera-diferente-bomberos-voluntarios-conmemoro-su-71-aniversario","status":"publish","type":"post","link":"https:\/\/cdnoticias.com\/index.php\/2020\/10\/02\/de-una-manera-diferente-bomberos-voluntarios-conmemoro-su-71-aniversario\/","title":{"rendered":"\u201cDe una manera diferente\u201d Bomberos Voluntarios conmemor\u00f3 su 71\u00b0 aniversario"},"content":{"rendered":"<p>As\u00ed fue narrado desde la reconocida entidad local, que en la jornada de este viernes llev\u00f3 a cabo un sencillo acto y difundi\u00f3 un video para saludar y agradecer a la comunidad.<\/p>\n<p><!--more--><\/p>\n<hr \/>\n<p><strong>\u201cDado el contexto que estamos viviendo, este a\u00f1o nos toca festejar nuestro aniversario de una manera diferente\u201d<\/strong>, se narr\u00f3 este viernes desde la Asociaci\u00f3n de Bomberos Voluntarios de Olavarr\u00eda, que en esta jornada <strong>est\u00e1 cumpliendo 71 a\u00f1os de vida<\/strong>.<\/p>\n<p>&nbsp;<\/p>\n<p><img data-recalc-dims=\"1\" loading=\"lazy\" decoding=\"async\" class=\"alignnone size-full wp-image-3054\" src=\"https:\/\/i0.wp.com\/cdnoticias.com\/wp-content\/uploads\/2020\/10\/71-aniversario-ofrenda-bomberos-olavarria.004.jpg?resize=800%2C450&#038;ssl=1\" alt=\"\" width=\"800\" height=\"450\" srcset=\"https:\/\/i0.wp.com\/cdnoticias.com\/wp-content\/uploads\/2020\/10\/71-aniversario-ofrenda-bomberos-olavarria.004.jpg?w=850&amp;ssl=1 850w, https:\/\/i0.wp.com\/cdnoticias.com\/wp-content\/uploads\/2020\/10\/71-aniversario-ofrenda-bomberos-olavarria.004.jpg?resize=300%2C169&amp;ssl=1 300w, https:\/\/i0.wp.com\/cdnoticias.com\/wp-content\/uploads\/2020\/10\/71-aniversario-ofrenda-bomberos-olavarria.004.jpg?resize=768%2C432&amp;ssl=1 768w\" sizes=\"auto, (max-width: 800px) 100vw, 800px\" \/><\/p>\n<p>&nbsp;<\/p>\n<p>Debido a las medidas sanitarias por la pandemia de coronavirus el acto protocolar s\u00f3lo reuni\u00f3 a pocos referentes de la entidad, quienes llevaron a cabo <strong>una ofrenda floral en el monumento en memoria de dirigentes y bomberos fallecidos, que se encuentra en el parque Mitre, sobre Almirante Brown a metros del cruce con avenida Col\u00f3n.<\/strong><\/p>\n<p>&nbsp;<\/p>\n<p><img data-recalc-dims=\"1\" loading=\"lazy\" decoding=\"async\" class=\"alignnone size-full wp-image-3055\" src=\"https:\/\/i0.wp.com\/cdnoticias.com\/wp-content\/uploads\/2020\/10\/71-aniversario-ofrenda-bomberos-olavarria.003.jpg?resize=800%2C450&#038;ssl=1\" alt=\"\" width=\"800\" height=\"450\" srcset=\"https:\/\/i0.wp.com\/cdnoticias.com\/wp-content\/uploads\/2020\/10\/71-aniversario-ofrenda-bomberos-olavarria.003.jpg?w=850&amp;ssl=1 850w, https:\/\/i0.wp.com\/cdnoticias.com\/wp-content\/uploads\/2020\/10\/71-aniversario-ofrenda-bomberos-olavarria.003.jpg?resize=300%2C169&amp;ssl=1 300w, https:\/\/i0.wp.com\/cdnoticias.com\/wp-content\/uploads\/2020\/10\/71-aniversario-ofrenda-bomberos-olavarria.003.jpg?resize=768%2C432&amp;ssl=1 768w\" sizes=\"auto, (max-width: 800px) 100vw, 800px\" \/><\/p>\n<p>&nbsp;<\/p>\n<p>A la par,<strong> se difundi\u00f3 un video institucional del que tomaron parte el jefe del cuerpo activo, el comandante general Ra\u00fal Ferreira, y Roberto Luissi, presidente del Consejo Directivo<\/strong>. En el registro se pueden ver tambi\u00e9n fotos hist\u00f3ricas<\/p>\n<p>&nbsp;<\/p>\n<div class=\"jetpack-video-wrapper\"><iframe loading=\"lazy\" width=\"800\" height=\"450\" src=\"https:\/\/www.youtube.com\/embed\/38z9MqRb-cw?feature=oembed\" frameborder=\"0\" allow=\"accelerometer; autoplay; clipboard-write; encrypted-media; gyroscope; picture-in-picture\" allowfullscreen><\/iframe><\/div>\n<p>&nbsp;<\/p>\n<p><strong>Ferreira narr\u00f3 que en los casi 200 d\u00edas de confinamiento por el aislamiento social, preventivo y obligatorio se atendieron m\u00e1s de 300 emergencias, a lo que deben sumarse las tareas rutinarias y de bioseguridad que se desarrollan dentro del cuartel<\/strong>. En ese sentido agradeci\u00f3 la labor de bomberos \u201cen este nuevo escenario\u201d, quienes pese \u201ca dificultades laborales, cansancio, temor\u201d no han bajado los brazos. Tambi\u00e9n agradeci\u00f3 a la comunidad, entidades locales y el Estado, en todos sus niveles, que sin su apoyo ser\u00eda imposible seguir adelante.<\/p>\n","protected":false},"excerpt":{"rendered":"<p>As\u00ed fue narrado desde la reconocida entidad local, que en la jornada de este viernes llev\u00f3 a cabo un sencillo<\/p>\n","protected":false},"author":3,"featured_media":3053,"comment_status":"closed","ping_status":"closed","sticky":false,"template":"","format":"standard","meta":{"_jetpack_memberships_contains_paid_content":false,"footnotes":""},"categories":[5,1],"tags":[],"class_list":["post-3052","post","type-post","status-publish","format-standard","has-post-thumbnail","hentry","category-informacion-general","category-portada"],"jetpack_featured_media_url":"https:\/\/i0.wp.com\/cdnoticias.com\/wp-content\/uploads\/2020\/10\/eb800d55c6f0176e166b1567b2249535_XL.jpg?fit=850%2C478&ssl=1","jetpack_sharing_enabled":true,"_links":{"self":[{"href":"https:\/\/cdnoticias.com\/index.php\/wp-json\/wp\/v2\/posts\/3052","targetHints":{"allow":["GET"]}}],"collection":[{"href":"https:\/\/cdnoticias.com\/index.php\/wp-json\/wp\/v2\/posts"}],"about":[{"href":"https:\/\/cdnoticias.com\/index.php\/wp-json\/wp\/v2\/types\/post"}],"author":[{"embeddable":true,"href":"https:\/\/cdnoticias.com\/index.php\/wp-json\/wp\/v2\/users\/3"}],"replies":[{"embeddable":true,"href":"https:\/\/cdnoticias.com\/index.php\/wp-json\/wp\/v2\/comments?post=3052"}],"version-history":[{"count":0,"href":"https:\/\/cdnoticias.com\/index.php\/wp-json\/wp\/v2\/posts\/3052\/revisions"}],"wp:featuredmedia":[{"embeddable":true,"href":"https:\/\/cdnoticias.com\/index.php\/wp-json\/wp\/v2\/media\/3053"}],"wp:attachment":[{"href":"https:\/\/cdnoticias.com\/index.php\/wp-json\/wp\/v2\/media?parent=3052"}],"wp:term":[{"taxonomy":"category","embeddable":true,"href":"https:\/\/cdnoticias.com\/index.php\/wp-json\/wp\/v2\/categories?post=3052"},{"taxonomy":"post_tag","embeddable":true,"href":"https:\/\/cdnoticias.com\/index.php\/wp-json\/wp\/v2\/tags?post=3052"}],"curies":[{"name":"wp","href":"https:\/\/api.w.org\/{rel}","templated":true}]}}