{"id":30512,"date":"2021-08-23T11:23:15","date_gmt":"2021-08-23T14:23:15","guid":{"rendered":"http:\/\/www.centraldenoticias.com.ar\/?p=30512"},"modified":"2021-08-23T11:23:15","modified_gmt":"2021-08-23T14:23:15","slug":"con-clasicos-volvieron-las-muestras-al-museo-hermanos-emiliozzi","status":"publish","type":"post","link":"https:\/\/cdnoticias.com\/index.php\/2021\/08\/23\/con-clasicos-volvieron-las-muestras-al-museo-hermanos-emiliozzi\/","title":{"rendered":"Con \u201cCl\u00e1sicos\u201d volvieron las muestras al Museo \u201cHermanos Emiliozzi\u201d"},"content":{"rendered":"<p>Fue inaugurada en la tarde del domingo. Se trata de 10 autos cl\u00e1sicos de colecci\u00f3n pertenecientes a olavarrienses.\u00a0<!--more--><\/p>\n<hr \/>\n<p>Desde la tarde de este domingo, <strong>una nueva muestra de podr\u00e1 visitar en el Museo Hermanos Emiliozzi. Se trata de 10 autos cl\u00e1sicos de colecci\u00f3n<\/strong>, pertenecientes a olavarrienses que amablemente los prestaron para que formen parte de la muestra.<\/p>\n<p>&nbsp;<\/p>\n<p>En la apertura, estuvieron presentes el secretario de Desarrollo Humano y Calidad de Vida Diego Robbiani, la subsecretaria de Cultura y Educaci\u00f3n Agustina Marino, la encargada del Museo Susana Mart\u00ednez y algunos de los vecinos propietarios de los veh\u00edculos.<\/p>\n<p>&nbsp;<\/p>\n<p><img data-recalc-dims=\"1\" loading=\"lazy\" decoding=\"async\" class=\"alignnone size-large wp-image-30514\" src=\"https:\/\/i0.wp.com\/cdnoticias.com\/wp-content\/uploads\/2021\/08\/Cultura-Clasicos-Museo-Emiliozzi-3.jpeg?resize=800%2C610&#038;ssl=1\" alt=\"\" width=\"800\" height=\"610\" srcset=\"https:\/\/i0.wp.com\/cdnoticias.com\/wp-content\/uploads\/2021\/08\/Cultura-Clasicos-Museo-Emiliozzi-3.jpeg?resize=1024%2C781&amp;ssl=1 1024w, https:\/\/i0.wp.com\/cdnoticias.com\/wp-content\/uploads\/2021\/08\/Cultura-Clasicos-Museo-Emiliozzi-3.jpeg?resize=300%2C229&amp;ssl=1 300w, https:\/\/i0.wp.com\/cdnoticias.com\/wp-content\/uploads\/2021\/08\/Cultura-Clasicos-Museo-Emiliozzi-3.jpeg?resize=768%2C586&amp;ssl=1 768w, https:\/\/i0.wp.com\/cdnoticias.com\/wp-content\/uploads\/2021\/08\/Cultura-Clasicos-Museo-Emiliozzi-3.jpeg?w=1600&amp;ssl=1 1600w\" sizes=\"auto, (max-width: 800px) 100vw, 800px\" \/><\/p>\n<p>&nbsp;<\/p>\n<blockquote><p><em>\u201cContentos con esta primera muestra, despu\u00e9s de tener tanto tiempo el Museo sin una de ellas, que es tan importante<\/em>\u201d, sostuvo Robbiani.<\/p><\/blockquote>\n<p>&nbsp;<\/p>\n<p>Adem\u00e1s, agradeci\u00f3<strong><em> \u201cla presencia de varios de los propietarios que nos prestaron sus autos. Olavarr\u00eda es fierrera y este tipo de muestras nos ponen muy contentos. Agradezco al equipo por tener el Museo c\u00f3mo est\u00e1 y a los vecinos los invito a disfrutarla\u201d.<\/em><\/strong><\/p>\n<p>&nbsp;<\/p>\n<p>Tras ello, se realiz\u00f3 una <strong>entrega de agradecimiento para quienes fueron los colaboradores de esta muestra.<\/strong><\/p>\n<p>&nbsp;<\/p>\n<p>Esta muestra se podr\u00e1 visitar hasta el 30 de septiembre, los viernes de 8 a 12 horas y s\u00e1bados, domingos y feriados de 15 a 18 horas.<\/p>\n","protected":false},"excerpt":{"rendered":"<p>Fue inaugurada en la tarde del domingo. Se trata de 10 autos cl\u00e1sicos de colecci\u00f3n pertenecientes a olavarrienses.\u00a0<\/p>\n","protected":false},"author":2,"featured_media":30513,"comment_status":"closed","ping_status":"closed","sticky":false,"template":"","format":"standard","meta":{"_jetpack_memberships_contains_paid_content":false,"footnotes":""},"categories":[9,1],"tags":[],"class_list":["post-30512","post","type-post","status-publish","format-standard","has-post-thumbnail","hentry","category-cultura","category-portada"],"jetpack_featured_media_url":"https:\/\/i0.wp.com\/cdnoticias.com\/wp-content\/uploads\/2021\/08\/Cultura-Clasicos-Museo-Emiliozzi-2.jpeg?fit=1024%2C768&ssl=1","jetpack_sharing_enabled":true,"_links":{"self":[{"href":"https:\/\/cdnoticias.com\/index.php\/wp-json\/wp\/v2\/posts\/30512","targetHints":{"allow":["GET"]}}],"collection":[{"href":"https:\/\/cdnoticias.com\/index.php\/wp-json\/wp\/v2\/posts"}],"about":[{"href":"https:\/\/cdnoticias.com\/index.php\/wp-json\/wp\/v2\/types\/post"}],"author":[{"embeddable":true,"href":"https:\/\/cdnoticias.com\/index.php\/wp-json\/wp\/v2\/users\/2"}],"replies":[{"embeddable":true,"href":"https:\/\/cdnoticias.com\/index.php\/wp-json\/wp\/v2\/comments?post=30512"}],"version-history":[{"count":0,"href":"https:\/\/cdnoticias.com\/index.php\/wp-json\/wp\/v2\/posts\/30512\/revisions"}],"wp:featuredmedia":[{"embeddable":true,"href":"https:\/\/cdnoticias.com\/index.php\/wp-json\/wp\/v2\/media\/30513"}],"wp:attachment":[{"href":"https:\/\/cdnoticias.com\/index.php\/wp-json\/wp\/v2\/media?parent=30512"}],"wp:term":[{"taxonomy":"category","embeddable":true,"href":"https:\/\/cdnoticias.com\/index.php\/wp-json\/wp\/v2\/categories?post=30512"},{"taxonomy":"post_tag","embeddable":true,"href":"https:\/\/cdnoticias.com\/index.php\/wp-json\/wp\/v2\/tags?post=30512"}],"curies":[{"name":"wp","href":"https:\/\/api.w.org\/{rel}","templated":true}]}}