{"id":30492,"date":"2023-02-16T00:58:04","date_gmt":"2023-02-16T03:58:04","guid":{"rendered":"http:\/\/centraldeportes.com.ar\/?p=30492"},"modified":"2025-02-10T23:20:40","modified_gmt":"2025-02-11T02:20:40","slug":"racing-por-dos-pueblo-nuevo-y-ferro-a-semifinales-del-torneo-de-verano","status":"publish","type":"post","link":"https:\/\/cdnoticias.com\/index.php\/2023\/02\/16\/racing-por-dos-pueblo-nuevo-y-ferro-a-semifinales-del-torneo-de-verano\/","title":{"rendered":"Racing por dos, Pueblo Nuevo y Ferro, a Semifinales del Torneo de Verano"},"content":{"rendered":"<p>Este mi\u00e9rcoles se complet\u00f3 la \u00faltima fecha de la Fase Regular del Torneo de Verano y se definieron que los semifinalistas ser\u00e1n Racing de Olavarr\u00eda, Racing de La Madrid, Pueblo Nuevo y Ferro.<!--more--><\/p>\n<hr \/>\n<p>Las dos zonas de la competencias organizada por la Asociaci\u00f3n de B\u00e1squet de Olavarr\u00eda completaron la primera instancia del certamen y el \u201cChaira\u201d y Pueblo Nuevo estiraron su invicto.<\/p>\n<p>&nbsp;<\/p>\n<p>Por la Zona 1, Racing derrot\u00f3 a San Mart\u00edn 116 a 32 y se asegur\u00f3 el primer puesto sin conocer la derrota. Sim\u00f3n Silber con 16 puntos fue el m\u00e1ximo goleador del partido.<\/p>\n<p>&nbsp;<\/p>\n<p>En el Willy Matos de La Madrid, Racing y Estudiantes se jugaron la clasificaci\u00f3n y fue triunfo para los locales por un re\u00f1ido 72 a 69 que finaliz\u00f3 segundo.<\/p>\n<p>&nbsp;<\/p>\n<p>Adem\u00e1s, por la Zona 2, en Azul, Chacarita se despidi\u00f3 de la competencia estival recibiendo a Pueblo Nuevo. Fue triunfo para el \u201cLobo Verde\u201d por 64 a 57 para estirar a cuatro, los partidos invictos.<\/p>\n<p>&nbsp;<\/p>\n<p>Por \u00faltimo, Ferro asegur\u00f3 su presencia en los Play-Off al derrotar, como local, por 78 a 62 a Loma Negra.<\/p>\n<p>&nbsp;<\/p>\n<p>[soliloquy id=&#8221;30494&#8243;]<\/p>\n<p>&nbsp;<\/p>\n<p>Los cruces de las Semifinales se llevar\u00e1n a cabo el pr\u00f3ximo mi\u00e9rcoles en el Parque Olavarr\u00eda, donde los dirigidos por Mat\u00edas Orlando enfrentar\u00e1n a Ferro y en el Juan Manolio, donde Pueblo Nuevo ser\u00e1 anfitri\u00f3n de Racing de La Madrid.<\/p>\n<p>&nbsp;<\/p>\n<p>S\u00edntesis Racing \u2013 San Mart\u00edn:<\/p>\n<p>Estadio: Parque Olavarr\u00eda<\/p>\n<p>\u00c1rbitros: Chantiri, A. y Z\u00e1rate, F.<\/p>\n<p><strong>Racing (116): Macrini (9), Mondini (6), G\u00f3mez Lepez (15), Alonso (9), Silber (16) -FI- Larregina (4), Santana (6), Leal (8), Fornes (15), D\u00b4Alessio (9), V\u00e1zquez (9), Melo (10). DT- Mat\u00edas Orlando<\/strong><\/p>\n<p><strong>San Mart\u00edn (32): Ducca (12), Calandra (6), Boado (4), Alvez (6), Sandoval (0) -FI- Gunter (2), Conforti (0), Piqu\u00edn (2), Balbiani (0), Bucchiarelli (0), Mikitiuk (0). DT- Aldo Alveza<\/strong><\/p>\n<p>Parciales: 41 \u2013 10; 64 \u2013 15; 90 \u2013 22 y 116 \u2013 32.<\/p>\n<p>&nbsp;<\/p>\n","protected":false},"excerpt":{"rendered":"<p>Este mi\u00e9rcoles se complet\u00f3 la \u00faltima fecha de la Fase Regular del Torneo de Verano y se definieron que los<\/p>\n","protected":false},"author":96739694,"featured_media":153170,"comment_status":"closed","ping_status":"closed","sticky":false,"template":"","format":"standard","meta":{"_jetpack_memberships_contains_paid_content":false,"footnotes":""},"categories":[31,1,43],"tags":[],"class_list":["post-30492","post","type-post","status-publish","format-standard","has-post-thumbnail","hentry","category-basquet","category-portada","category-primera"],"jetpack_featured_media_url":"https:\/\/i0.wp.com\/cdnoticias.com\/wp-content\/uploads\/2023\/02\/ferro-ln-verano-3.jpeg?fit=1280%2C853&ssl=1","jetpack_sharing_enabled":true,"_links":{"self":[{"href":"https:\/\/cdnoticias.com\/index.php\/wp-json\/wp\/v2\/posts\/30492","targetHints":{"allow":["GET"]}}],"collection":[{"href":"https:\/\/cdnoticias.com\/index.php\/wp-json\/wp\/v2\/posts"}],"about":[{"href":"https:\/\/cdnoticias.com\/index.php\/wp-json\/wp\/v2\/types\/post"}],"author":[{"embeddable":true,"href":"https:\/\/cdnoticias.com\/index.php\/wp-json\/wp\/v2\/users\/96739694"}],"replies":[{"embeddable":true,"href":"https:\/\/cdnoticias.com\/index.php\/wp-json\/wp\/v2\/comments?post=30492"}],"version-history":[{"count":0,"href":"https:\/\/cdnoticias.com\/index.php\/wp-json\/wp\/v2\/posts\/30492\/revisions"}],"wp:featuredmedia":[{"embeddable":true,"href":"https:\/\/cdnoticias.com\/index.php\/wp-json\/wp\/v2\/media\/153170"}],"wp:attachment":[{"href":"https:\/\/cdnoticias.com\/index.php\/wp-json\/wp\/v2\/media?parent=30492"}],"wp:term":[{"taxonomy":"category","embeddable":true,"href":"https:\/\/cdnoticias.com\/index.php\/wp-json\/wp\/v2\/categories?post=30492"},{"taxonomy":"post_tag","embeddable":true,"href":"https:\/\/cdnoticias.com\/index.php\/wp-json\/wp\/v2\/tags?post=30492"}],"curies":[{"name":"wp","href":"https:\/\/api.w.org\/{rel}","templated":true}]}}