{"id":3049,"date":"2020-10-02T17:39:55","date_gmt":"2020-10-02T20:39:55","guid":{"rendered":"http:\/\/www.centraldenoticias.com.ar\/?p=3049"},"modified":"2020-10-02T19:34:11","modified_gmt":"2020-10-02T22:34:11","slug":"proyecto-de-dalton-jauregui-para-habilitar-las-pistolas-taser-en-la-provincia","status":"publish","type":"post","link":"https:\/\/cdnoticias.com\/index.php\/2020\/10\/02\/proyecto-de-dalton-jauregui-para-habilitar-las-pistolas-taser-en-la-provincia\/","title":{"rendered":"Proyecto de Dalton J\u00e1uregui para habilitar las pistolas Taser en la Provincia"},"content":{"rendered":"<p>&nbsp;<\/p>\n<p>El senador provincial de Juntos por el Cambio, Walter Lanaro, present\u00f3 un proyecto de ley con el objeto de habilitar y regular el uso de armas de impulsos el\u00e9ctricos por parte de las Fuerzas de Seguridad de la Provincia.<strong> La autor\u00eda es del senador en uso de licencia, Dalton J\u00e1uregui quien en di\u00e1logo con Central de Noticias habl\u00f3 de las caracter\u00edsticas de la propuesta. \u00a0<\/strong><!--more--><\/p>\n<hr \/>\n<p>La iniciativa de autor\u00eda del senador en uso de licencia, Dalton J\u00e1uregui, impulsada por Walter Lanaro (presidente de la comisi\u00f3n de Seguridad en la C\u00e1mara Alta) propone que se podr\u00e1n utilizar en casos de leg\u00edtima defensa, cuando se cometa un crimen o delito flagrante para atrapar a los autores, cuando un presunto delincuente ofrezca resistencia armada o ponga en peligro, de alg\u00fan otro modo, la vida de otras personas y de ninguna otra forma pueda reducirse o detenerse aplicando otras medidas.<\/p>\n<p>&nbsp;<\/p>\n<p>En di\u00e1logo con Central de Noticias, <strong>Dalton J\u00e1uregui<\/strong> indic\u00f3 que<em> \u201cse trata de una iniciativa que venimos trabajando hace mucho tiempo y tiene un correlato con todo aquello que propusimos y logramos poner marcha mientras fuimos gobierno. <strong>Son ideas posibles y que conservan suma coherencia con el gran trabajo impulsado por Mar\u00eda Eugenia Vidal.<\/strong> Entendemos a las pol\u00edticas de seguridad desde un sentido integral, con capacitaci\u00f3n, recursos y formaci\u00f3n\u201d.<\/em><\/p>\n<p>&nbsp;<\/p>\n<blockquote><p>Es fundamental que el Estado tenga una pol\u00edtica de protecci\u00f3n del personal policial, que en muchas ocasiones se encuentra ante situaciones de vida o muerte, afirm\u00f3.<\/p><\/blockquote>\n<p>&nbsp;<\/p>\n<p>Por \u00faltimo, detall\u00f3 que <em>\u201clas pistolas taser son un recurso m\u00e1s para la <strong>leg\u00edtima defensa ante un caso extremo<\/strong>, y su impulso est\u00e1 pensado en el marco de formaci\u00f3n y registro de aquellos profesionales que las usar\u00e1n\u201d.<\/em><\/p>\n","protected":false},"excerpt":{"rendered":"<p>&nbsp; El senador provincial de Juntos por el Cambio, Walter Lanaro, present\u00f3 un proyecto de ley con el objeto de<\/p>\n","protected":false},"author":5,"featured_media":3050,"comment_status":"closed","ping_status":"closed","sticky":false,"template":"","format":"standard","meta":{"_jetpack_memberships_contains_paid_content":false,"footnotes":""},"categories":[5,1],"tags":[],"class_list":["post-3049","post","type-post","status-publish","format-standard","has-post-thumbnail","hentry","category-informacion-general","category-portada"],"jetpack_featured_media_url":"https:\/\/i0.wp.com\/cdnoticias.com\/wp-content\/uploads\/2020\/10\/daltonjauregui.jpeg?fit=880%2C586&ssl=1","jetpack_sharing_enabled":true,"_links":{"self":[{"href":"https:\/\/cdnoticias.com\/index.php\/wp-json\/wp\/v2\/posts\/3049","targetHints":{"allow":["GET"]}}],"collection":[{"href":"https:\/\/cdnoticias.com\/index.php\/wp-json\/wp\/v2\/posts"}],"about":[{"href":"https:\/\/cdnoticias.com\/index.php\/wp-json\/wp\/v2\/types\/post"}],"author":[{"embeddable":true,"href":"https:\/\/cdnoticias.com\/index.php\/wp-json\/wp\/v2\/users\/5"}],"replies":[{"embeddable":true,"href":"https:\/\/cdnoticias.com\/index.php\/wp-json\/wp\/v2\/comments?post=3049"}],"version-history":[{"count":0,"href":"https:\/\/cdnoticias.com\/index.php\/wp-json\/wp\/v2\/posts\/3049\/revisions"}],"wp:featuredmedia":[{"embeddable":true,"href":"https:\/\/cdnoticias.com\/index.php\/wp-json\/wp\/v2\/media\/3050"}],"wp:attachment":[{"href":"https:\/\/cdnoticias.com\/index.php\/wp-json\/wp\/v2\/media?parent=3049"}],"wp:term":[{"taxonomy":"category","embeddable":true,"href":"https:\/\/cdnoticias.com\/index.php\/wp-json\/wp\/v2\/categories?post=3049"},{"taxonomy":"post_tag","embeddable":true,"href":"https:\/\/cdnoticias.com\/index.php\/wp-json\/wp\/v2\/tags?post=3049"}],"curies":[{"name":"wp","href":"https:\/\/api.w.org\/{rel}","templated":true}]}}