{"id":30472,"date":"2021-08-22T16:21:49","date_gmt":"2021-08-22T19:21:49","guid":{"rendered":"http:\/\/www.centraldenoticias.com.ar\/?p=30472"},"modified":"2021-08-22T18:17:42","modified_gmt":"2021-08-22T21:17:42","slug":"salaverry-estamos-empezando-muy-parecido-al-2008","status":"publish","type":"post","link":"https:\/\/cdnoticias.com\/index.php\/2021\/08\/22\/salaverry-estamos-empezando-muy-parecido-al-2008\/","title":{"rendered":"Salaverry: \u201cEstamos empezando muy parecido al 2008\u201d"},"content":{"rendered":"<p>Lo afirm\u00f3 el titular de CARBAP durante el Consejo Directivo Abierto que se concret\u00f3 en nuestra ciudad. Productores rechazaron el cepo aplicado a la carne.\u00a0<!--more--><\/p>\n<hr \/>\n<p>El s\u00e1bado se llev\u00f3 a cabo en el predio de la Sociedad Rural de Olavarr\u00eda, <strong>una reuni\u00f3n del Consejo Directivo Abierto para analizar el impacto del plan ganadero con un cierre parcial a las exportaciones que decret\u00f3 el gobierno nacional.<\/strong><\/p>\n<p>&nbsp;<\/p>\n<p><img data-recalc-dims=\"1\" loading=\"lazy\" decoding=\"async\" class=\"alignnone size-full wp-image-30468\" src=\"https:\/\/i0.wp.com\/cdnoticias.com\/wp-content\/uploads\/2021\/08\/WhatsApp-Image-2021-08-22-at-10.00.10.jpeg?resize=800%2C501&#038;ssl=1\" alt=\"\" width=\"800\" height=\"501\" srcset=\"https:\/\/i0.wp.com\/cdnoticias.com\/wp-content\/uploads\/2021\/08\/WhatsApp-Image-2021-08-22-at-10.00.10.jpeg?w=1280&amp;ssl=1 1280w, https:\/\/i0.wp.com\/cdnoticias.com\/wp-content\/uploads\/2021\/08\/WhatsApp-Image-2021-08-22-at-10.00.10.jpeg?resize=300%2C188&amp;ssl=1 300w, https:\/\/i0.wp.com\/cdnoticias.com\/wp-content\/uploads\/2021\/08\/WhatsApp-Image-2021-08-22-at-10.00.10.jpeg?resize=768%2C481&amp;ssl=1 768w, https:\/\/i0.wp.com\/cdnoticias.com\/wp-content\/uploads\/2021\/08\/WhatsApp-Image-2021-08-22-at-10.00.10.jpeg?resize=1024%2C642&amp;ssl=1 1024w\" sizes=\"auto, (max-width: 800px) 100vw, 800px\" \/><\/p>\n<p>&nbsp;<\/p>\n<blockquote><p>Fue impulsado por la<strong> Confederaci\u00f3n de Asociaciones Rurales de Buenos Aires y La Pampa (CARBAP) y durante el encuentro se dej\u00f3 de manifiesto que el sector se encuentra en estado de alerta y movilizaci\u00f3n.<\/strong><\/p><\/blockquote>\n<p>&nbsp;<\/p>\n<p>Luego de la reuni\u00f3n,<strong> el titular de CARBAP, Horacio Salaverry<\/strong>, habl\u00f3 con los medios y destac\u00f3 la participaci\u00f3n <em>\u201cde toda la cadena\u201d<\/em> en el plenario. <em>\u201cEstuvieron presentes los consignatarios de hacienda, los frigor\u00edficos, los trabajadores y los productores primarios\u201d.<\/em><\/p>\n<p>&nbsp;<\/p>\n<p><img data-recalc-dims=\"1\" loading=\"lazy\" decoding=\"async\" class=\"alignnone size-full wp-image-30467\" src=\"https:\/\/i0.wp.com\/cdnoticias.com\/wp-content\/uploads\/2021\/08\/WhatsApp-Image-2021-08-22-at-10.00.11.jpeg?resize=800%2C564&#038;ssl=1\" alt=\"\" width=\"800\" height=\"564\" srcset=\"https:\/\/i0.wp.com\/cdnoticias.com\/wp-content\/uploads\/2021\/08\/WhatsApp-Image-2021-08-22-at-10.00.11.jpeg?w=1280&amp;ssl=1 1280w, https:\/\/i0.wp.com\/cdnoticias.com\/wp-content\/uploads\/2021\/08\/WhatsApp-Image-2021-08-22-at-10.00.11.jpeg?resize=300%2C211&amp;ssl=1 300w, https:\/\/i0.wp.com\/cdnoticias.com\/wp-content\/uploads\/2021\/08\/WhatsApp-Image-2021-08-22-at-10.00.11.jpeg?resize=768%2C541&amp;ssl=1 768w, https:\/\/i0.wp.com\/cdnoticias.com\/wp-content\/uploads\/2021\/08\/WhatsApp-Image-2021-08-22-at-10.00.11.jpeg?resize=1024%2C722&amp;ssl=1 1024w\" sizes=\"auto, (max-width: 800px) 100vw, 800px\" \/><\/p>\n<p>&nbsp;<\/p>\n<p>Esto dio cuenta de que <em>\u201cno es solo el productor el que tiene el problema\u201d<\/em> sino que <em>\u201ctambi\u00e9n el consumidor se ha visto afectado con el cierre de exportaciones\u201d.<\/em><\/p>\n<p>&nbsp;<\/p>\n<p><strong>Salaverry hizo referencia a la situaci\u00f3n vivida durante el 2008 en cuanto a la relaci\u00f3n con el gobierno nacional.<\/strong> Asegur\u00f3 que <em>\u201cel 2008 empez\u00f3 de una manera y termin\u00f3 de otra. Hoy estamos empezando muy parecido al 2008. Veremos si esto puede ser otro 2008\u201d.<\/em><\/p>\n<p>&nbsp;<\/p>\n<p>En ese sentido, afirmo que<strong><em> \u201cojal\u00e1 no tengamos que volver a esa situaci\u00f3n\u201d<\/em><\/strong> ya que<em> \u201cel gobierno deber\u00eda haber comprendido que estas no son las soluciones<\/em>\u201d y <strong><em>\u201cnosotros hemos entendido que hab\u00eda cosas del 2008 que no hay que hacer\u201d.<\/em><\/strong><\/p>\n<p>&nbsp;<\/p>\n<p><img data-recalc-dims=\"1\" loading=\"lazy\" decoding=\"async\" class=\"alignnone size-full wp-image-30471\" src=\"https:\/\/i0.wp.com\/cdnoticias.com\/wp-content\/uploads\/2021\/08\/WhatsApp-Image-2021-08-22-at-11.23.15.jpeg?resize=800%2C599&#038;ssl=1\" alt=\"\" width=\"800\" height=\"599\" srcset=\"https:\/\/i0.wp.com\/cdnoticias.com\/wp-content\/uploads\/2021\/08\/WhatsApp-Image-2021-08-22-at-11.23.15.jpeg?w=1280&amp;ssl=1 1280w, https:\/\/i0.wp.com\/cdnoticias.com\/wp-content\/uploads\/2021\/08\/WhatsApp-Image-2021-08-22-at-11.23.15.jpeg?resize=300%2C225&amp;ssl=1 300w, https:\/\/i0.wp.com\/cdnoticias.com\/wp-content\/uploads\/2021\/08\/WhatsApp-Image-2021-08-22-at-11.23.15.jpeg?resize=768%2C575&amp;ssl=1 768w, https:\/\/i0.wp.com\/cdnoticias.com\/wp-content\/uploads\/2021\/08\/WhatsApp-Image-2021-08-22-at-11.23.15.jpeg?resize=1024%2C766&amp;ssl=1 1024w\" sizes=\"auto, (max-width: 800px) 100vw, 800px\" \/><\/p>\n<p>&nbsp;<\/p>\n<blockquote><p>\u201cNo es nuestra intenci\u00f3n agravar la situaci\u00f3n y generar una situaci\u00f3n tan dura como fue la de 2008. Pero si en el futuro estas cosas se siguen acentuando, puede ser pero no es lo que debemos buscar\u201d.<\/p><\/blockquote>\n<p>&nbsp;<\/p>\n<p><strong><em>\u201cAc\u00e1 tenemos un problema sobre 20 millones de cabeza y un sector muy fuerte como el frigor\u00edfico que se est\u00e1 quedando sin trabajo\u201d,<\/em><\/strong> sintetiz\u00f3 Salaverry. Es por eso, que consultado sobre las pr\u00f3ximas elecciones asegur\u00f3 que <em>\u201ccuando uno ve afectada su econom\u00eda vota con un poco m\u00e1s de bronca. Eso seguramente van a hacer muchos ciudadanos por todas las cosas que pasan en el pa\u00eds\u201d.<\/em><\/p>\n","protected":false},"excerpt":{"rendered":"<p>Lo afirm\u00f3 el titular de CARBAP durante el Consejo Directivo Abierto que se concret\u00f3 en nuestra ciudad. Productores rechazaron el<\/p>\n","protected":false},"author":5,"featured_media":30469,"comment_status":"closed","ping_status":"closed","sticky":false,"template":"","format":"standard","meta":{"_jetpack_memberships_contains_paid_content":false,"footnotes":""},"categories":[4,1],"tags":[],"class_list":["post-30472","post","type-post","status-publish","format-standard","has-post-thumbnail","hentry","category-politica","category-portada"],"jetpack_featured_media_url":"https:\/\/i0.wp.com\/cdnoticias.com\/wp-content\/uploads\/2021\/08\/WhatsApp-Image-2021-08-22-at-11.23.14.jpeg?fit=1280%2C958&ssl=1","jetpack_sharing_enabled":true,"_links":{"self":[{"href":"https:\/\/cdnoticias.com\/index.php\/wp-json\/wp\/v2\/posts\/30472","targetHints":{"allow":["GET"]}}],"collection":[{"href":"https:\/\/cdnoticias.com\/index.php\/wp-json\/wp\/v2\/posts"}],"about":[{"href":"https:\/\/cdnoticias.com\/index.php\/wp-json\/wp\/v2\/types\/post"}],"author":[{"embeddable":true,"href":"https:\/\/cdnoticias.com\/index.php\/wp-json\/wp\/v2\/users\/5"}],"replies":[{"embeddable":true,"href":"https:\/\/cdnoticias.com\/index.php\/wp-json\/wp\/v2\/comments?post=30472"}],"version-history":[{"count":0,"href":"https:\/\/cdnoticias.com\/index.php\/wp-json\/wp\/v2\/posts\/30472\/revisions"}],"wp:featuredmedia":[{"embeddable":true,"href":"https:\/\/cdnoticias.com\/index.php\/wp-json\/wp\/v2\/media\/30469"}],"wp:attachment":[{"href":"https:\/\/cdnoticias.com\/index.php\/wp-json\/wp\/v2\/media?parent=30472"}],"wp:term":[{"taxonomy":"category","embeddable":true,"href":"https:\/\/cdnoticias.com\/index.php\/wp-json\/wp\/v2\/categories?post=30472"},{"taxonomy":"post_tag","embeddable":true,"href":"https:\/\/cdnoticias.com\/index.php\/wp-json\/wp\/v2\/tags?post=30472"}],"curies":[{"name":"wp","href":"https:\/\/api.w.org\/{rel}","templated":true}]}}