{"id":30446,"date":"2021-08-22T10:11:14","date_gmt":"2021-08-22T13:11:14","guid":{"rendered":"http:\/\/www.centraldenoticias.com.ar\/?p=30446"},"modified":"2021-08-22T10:11:14","modified_gmt":"2021-08-22T13:11:14","slug":"celebracion-del-dia-de-las-infancias-en-el-barrio-eucaliptus","status":"publish","type":"post","link":"https:\/\/cdnoticias.com\/index.php\/2021\/08\/22\/celebracion-del-dia-de-las-infancias-en-el-barrio-eucaliptus\/","title":{"rendered":"Celebraci\u00f3n del D\u00eda de las Infancias en el Barrio Eucaliptus"},"content":{"rendered":"<p>El evento fue una iniciativa del Foro Olavarr\u00eda y La Renovadora. Adem\u00e1s participaron candidatos del Frente de Todos.<!--more--><\/p>\n<hr \/>\n<p>En la tarde de este s\u00e1bado se celebr\u00f3 el <strong>D\u00eda de las Infancias en el Barrio Eucaliptus.<\/strong> El evento tuvo inicio a las 14 horas y cont\u00f3 con la participaci\u00f3n de los <strong>precandidatos a concejales del Frente de Todos Maximiliano Wesner, Natalia \u00c1lvarez y Gast\u00f3n Sarachu.<\/strong><\/p>\n<p>&nbsp;<\/p>\n<p>La iniciativa surgi\u00f3 por impulso del <strong>Foro Social del Foro Olavarr\u00eda y La Renovadora<\/strong>, espacio de j\u00f3venes del Frente Renovador. La celebraci\u00f3n tuvo lugar en el comedor del Barrio Eucaliptus, el cual est\u00e1 a cargo de Marisa Aguirre.<\/p>\n<p>&nbsp;<\/p>\n<p><img data-recalc-dims=\"1\" loading=\"lazy\" decoding=\"async\" class=\"alignnone size-full wp-image-30447\" src=\"https:\/\/i0.wp.com\/cdnoticias.com\/wp-content\/uploads\/2021\/08\/D%C3%ADa-de-las-Infancias-1.jpeg?resize=800%2C538&#038;ssl=1\" alt=\"\" width=\"800\" height=\"538\" srcset=\"https:\/\/i0.wp.com\/cdnoticias.com\/wp-content\/uploads\/2021\/08\/D%C3%ADa-de-las-Infancias-1.jpeg?w=1280&amp;ssl=1 1280w, https:\/\/i0.wp.com\/cdnoticias.com\/wp-content\/uploads\/2021\/08\/D%C3%ADa-de-las-Infancias-1.jpeg?resize=300%2C202&amp;ssl=1 300w, https:\/\/i0.wp.com\/cdnoticias.com\/wp-content\/uploads\/2021\/08\/D%C3%ADa-de-las-Infancias-1.jpeg?resize=768%2C516&amp;ssl=1 768w, https:\/\/i0.wp.com\/cdnoticias.com\/wp-content\/uploads\/2021\/08\/D%C3%ADa-de-las-Infancias-1.jpeg?resize=1024%2C688&amp;ssl=1 1024w, https:\/\/i0.wp.com\/cdnoticias.com\/wp-content\/uploads\/2021\/08\/D%C3%ADa-de-las-Infancias-1.jpeg?resize=272%2C182&amp;ssl=1 272w\" sizes=\"auto, (max-width: 800px) 100vw, 800px\" \/><\/p>\n<p>&nbsp;<\/p>\n<p><img data-recalc-dims=\"1\" loading=\"lazy\" decoding=\"async\" class=\"alignnone size-full wp-image-30448\" src=\"https:\/\/i0.wp.com\/cdnoticias.com\/wp-content\/uploads\/2021\/08\/D%C3%ADa-de-las-Infancias-2.jpeg?resize=800%2C498&#038;ssl=1\" alt=\"\" width=\"800\" height=\"498\" srcset=\"https:\/\/i0.wp.com\/cdnoticias.com\/wp-content\/uploads\/2021\/08\/D%C3%ADa-de-las-Infancias-2.jpeg?w=1280&amp;ssl=1 1280w, https:\/\/i0.wp.com\/cdnoticias.com\/wp-content\/uploads\/2021\/08\/D%C3%ADa-de-las-Infancias-2.jpeg?resize=300%2C187&amp;ssl=1 300w, https:\/\/i0.wp.com\/cdnoticias.com\/wp-content\/uploads\/2021\/08\/D%C3%ADa-de-las-Infancias-2.jpeg?resize=768%2C478&amp;ssl=1 768w, https:\/\/i0.wp.com\/cdnoticias.com\/wp-content\/uploads\/2021\/08\/D%C3%ADa-de-las-Infancias-2.jpeg?resize=1024%2C638&amp;ssl=1 1024w\" sizes=\"auto, (max-width: 800px) 100vw, 800px\" \/><\/p>\n<p>&nbsp;<\/p>\n<p>A pesar del fr\u00edo y el clima nublado, las ni\u00f1as y ni\u00f1os del Barrio Eucaliptus pudieron disfrutar de una t<strong>arde de f\u00fatbol, distintos juegos y una merienda que incluy\u00f3 tortas y chocolatada.<\/strong> Tambi\u00e9n, los candidatos del Frente de Todos entregaron <strong>golosinas y juguetes<\/strong> a todos los ni\u00f1os presentes.<\/p>\n<p>&nbsp;<\/p>\n<p>Desde el Foro Olavarr\u00eda y La Renovadora, Cintia Abrisqueta y Agust\u00edn Alfonzo agradecieron a todos los vecinos y vecinas que participaron de la colecta de juguetes para hacer posible la sonrisa de los chicos durante el festejo.<\/p>\n","protected":false},"excerpt":{"rendered":"<p>El evento fue una iniciativa del Foro Olavarr\u00eda y La Renovadora. Adem\u00e1s participaron candidatos del Frente de Todos.<\/p>\n","protected":false},"author":5,"featured_media":30450,"comment_status":"closed","ping_status":"closed","sticky":false,"template":"","format":"standard","meta":{"_jetpack_memberships_contains_paid_content":false,"footnotes":""},"categories":[5,1],"tags":[],"class_list":["post-30446","post","type-post","status-publish","format-standard","has-post-thumbnail","hentry","category-informacion-general","category-portada"],"jetpack_featured_media_url":"https:\/\/i0.wp.com\/cdnoticias.com\/wp-content\/uploads\/2021\/08\/D%C3%ADa-de-las-Infancias.jpeg?fit=1280%2C853&ssl=1","jetpack_sharing_enabled":true,"_links":{"self":[{"href":"https:\/\/cdnoticias.com\/index.php\/wp-json\/wp\/v2\/posts\/30446","targetHints":{"allow":["GET"]}}],"collection":[{"href":"https:\/\/cdnoticias.com\/index.php\/wp-json\/wp\/v2\/posts"}],"about":[{"href":"https:\/\/cdnoticias.com\/index.php\/wp-json\/wp\/v2\/types\/post"}],"author":[{"embeddable":true,"href":"https:\/\/cdnoticias.com\/index.php\/wp-json\/wp\/v2\/users\/5"}],"replies":[{"embeddable":true,"href":"https:\/\/cdnoticias.com\/index.php\/wp-json\/wp\/v2\/comments?post=30446"}],"version-history":[{"count":0,"href":"https:\/\/cdnoticias.com\/index.php\/wp-json\/wp\/v2\/posts\/30446\/revisions"}],"wp:featuredmedia":[{"embeddable":true,"href":"https:\/\/cdnoticias.com\/index.php\/wp-json\/wp\/v2\/media\/30450"}],"wp:attachment":[{"href":"https:\/\/cdnoticias.com\/index.php\/wp-json\/wp\/v2\/media?parent=30446"}],"wp:term":[{"taxonomy":"category","embeddable":true,"href":"https:\/\/cdnoticias.com\/index.php\/wp-json\/wp\/v2\/categories?post=30446"},{"taxonomy":"post_tag","embeddable":true,"href":"https:\/\/cdnoticias.com\/index.php\/wp-json\/wp\/v2\/tags?post=30446"}],"curies":[{"name":"wp","href":"https:\/\/api.w.org\/{rel}","templated":true}]}}