{"id":30443,"date":"2021-08-22T09:41:07","date_gmt":"2021-08-22T12:41:07","guid":{"rendered":"http:\/\/www.centraldenoticias.com.ar\/?p=30443"},"modified":"2021-08-22T09:41:07","modified_gmt":"2021-08-22T12:41:07","slug":"susana-haydee-banovic-de-paz-q-e-p-d","status":"publish","type":"post","link":"https:\/\/cdnoticias.com\/index.php\/2021\/08\/22\/susana-haydee-banovic-de-paz-q-e-p-d\/","title":{"rendered":"Susana Haydee Banovic de Paz (Q.E.P.D.)"},"content":{"rendered":"<p>Falleci\u00f3 en Olavarr\u00eda el d\u00eda 21 de agosto a los 63 a\u00f1os de edad. Confortada con sus auxilios espirituales. Su esposo Orfel A. Paz; sus hijos Christian y Luciano Paz; sus hijas pol\u00edticas Lucia Saravi y Liliana Leguizam\u00f3n; su nieto Agust\u00edn Paz; sus hermanos y hermanos pol\u00edticos; sus sobrinos, sobrinos pol\u00edticos, t\u00edas, primos y dem\u00e1s deudos participan de su fallecimiento.<\/p>\n<p>&nbsp;<\/p>\n<p>Sus restos ser\u00e1n velados en sala de Espa\u00f1a 2942, Departamento &#8220;D&#8221; este domingo de 15 a 17, y ser\u00e1n cremados en Crematorio Pinos de Paz en d\u00eda y hora a confirmar. Jubilada.<\/p>\n","protected":false},"excerpt":{"rendered":"<p>Falleci\u00f3 en Olavarr\u00eda el d\u00eda 21 de agosto a los 63 a\u00f1os de edad. Confortada con sus auxilios espirituales. Su<\/p>\n","protected":false},"author":5,"featured_media":0,"comment_status":"closed","ping_status":"closed","sticky":false,"template":"","format":"standard","meta":{"_jetpack_memberships_contains_paid_content":false,"footnotes":""},"categories":[10],"tags":[],"class_list":["post-30443","post","type-post","status-publish","format-standard","hentry","category-necrologicas"],"jetpack_featured_media_url":"","jetpack_sharing_enabled":true,"_links":{"self":[{"href":"https:\/\/cdnoticias.com\/index.php\/wp-json\/wp\/v2\/posts\/30443","targetHints":{"allow":["GET"]}}],"collection":[{"href":"https:\/\/cdnoticias.com\/index.php\/wp-json\/wp\/v2\/posts"}],"about":[{"href":"https:\/\/cdnoticias.com\/index.php\/wp-json\/wp\/v2\/types\/post"}],"author":[{"embeddable":true,"href":"https:\/\/cdnoticias.com\/index.php\/wp-json\/wp\/v2\/users\/5"}],"replies":[{"embeddable":true,"href":"https:\/\/cdnoticias.com\/index.php\/wp-json\/wp\/v2\/comments?post=30443"}],"version-history":[{"count":0,"href":"https:\/\/cdnoticias.com\/index.php\/wp-json\/wp\/v2\/posts\/30443\/revisions"}],"wp:attachment":[{"href":"https:\/\/cdnoticias.com\/index.php\/wp-json\/wp\/v2\/media?parent=30443"}],"wp:term":[{"taxonomy":"category","embeddable":true,"href":"https:\/\/cdnoticias.com\/index.php\/wp-json\/wp\/v2\/categories?post=30443"},{"taxonomy":"post_tag","embeddable":true,"href":"https:\/\/cdnoticias.com\/index.php\/wp-json\/wp\/v2\/tags?post=30443"}],"curies":[{"name":"wp","href":"https:\/\/api.w.org\/{rel}","templated":true}]}}