{"id":30441,"date":"2021-08-21T21:05:57","date_gmt":"2021-08-22T00:05:57","guid":{"rendered":"http:\/\/www.centraldenoticias.com.ar\/?p=30441"},"modified":"2021-08-21T21:05:57","modified_gmt":"2021-08-22T00:05:57","slug":"el-centro-de-monitoreo-esta-a-disposicion-de-los-vecinos-que-realicen-la-denuncia","status":"publish","type":"post","link":"https:\/\/cdnoticias.com\/index.php\/2021\/08\/21\/el-centro-de-monitoreo-esta-a-disposicion-de-los-vecinos-que-realicen-la-denuncia\/","title":{"rendered":"\u201cEl Centro de Monitoreo est\u00e1 a disposici\u00f3n de los vecinos que realicen la denuncia\u201d"},"content":{"rendered":"<p>El secretario de Gobierno, Hilario Galli, respondi\u00f3 en redes sociales el pedido de intervenci\u00f3n del Intendente Galli para acceder a las c\u00e1maras de seguridad por la bajada de pasacalles.\u00a0<!--more--><\/p>\n<hr \/>\n<p>Tras la <strong>denuncia tanto del precandidato a diputado nacional Facundo Manes (Dar el Paso) y<a href=\"https:\/\/cdnoticias.com\/index.php\/2021\/08\/21\/es-una-lastima-que-la-campana-se-este-planteando-en-estos-terminos\/\" target=\"_blank\" rel=\"noopener\"> el Frente de Todos local por la bajada de pasacalles en la ciudad<\/a><\/strong>, <strong>el secretario de Gobierno Hilario Galli respondi\u00f3 en Twitter y dijo que el Centro de Monitoreo est\u00e1 a disposici\u00f3n<em> \u201ca aquellos vecinos que realicen la denuncia\u201d.<\/em><\/strong><\/p>\n<p>&nbsp;<\/p>\n<blockquote class=\"twitter-tweet\">\n<p dir=\"ltr\" lang=\"es\"><a href=\"https:\/\/twitter.com\/CesarValicenti?ref_src=twsrc%5Etfw\">@CesarValicenti<\/a> <a href=\"https:\/\/twitter.com\/ManesF?ref_src=twsrc%5Etfw\">@ManesF<\/a> El Centro de Monitoreo Municipal, como siempre, est\u00e1 a disposici\u00f3n de todos los vecinos que realicen la denuncia en la justicia para esclarecer hechos de vandalismo.<\/p>\n<p>\u2014 Hilario Galli (@HilarioGalli) <a href=\"https:\/\/twitter.com\/HilarioGalli\/status\/1429220220569325575?ref_src=twsrc%5Etfw\">August 21, 2021<\/a><\/p><\/blockquote>\n<p><script async src=\"https:\/\/platform.twitter.com\/widgets.js\" charset=\"utf-8\"><\/script><\/p>\n<p>&nbsp;<\/p>\n<p>Mencion\u00f3 tanto a Facundo Manes como C\u00e9sar Valicenti (referente del Frente de Todos a nivel seccional) y se\u00f1al\u00f3 que <em>\u201cel Centro de Monitoreo Municipal, como siempre, est\u00e1 a disposici\u00f3n de todos los vecinos que realicen la denuncia en la justicia para esclarecer hechos de vandalismo\u201d.<\/em><\/p>\n<p>&nbsp;<\/p>\n<blockquote><p>Agreg\u00f3, adem\u00e1s, que <em>\u201cdesde nuestro espacio nunca estuvimos del lado de las agresiones y nunca lo vamos a estar. Nosotros discutimos ideas y valores. Siempre\u201d.<\/em><\/p><\/blockquote>\n<p>&nbsp;<\/p>\n<p>De esta forma, <strong>el Municipio tom\u00f3 postura sobre las denuncias p\u00fablicas primero de Facundo Manes (incluso le pidi\u00f3 intervenci\u00f3n tanto a Galli como as\u00ed tambi\u00e9n a Julio Garro por hechos de vandalismo en La Plata)<\/strong> y el Frente de Todos despu\u00e9s, con el <strong>retiro de al menos un centenar de pasacalles en diversos puntos de la ciudad.<\/strong><\/p>\n","protected":false},"excerpt":{"rendered":"<p>El secretario de Gobierno, Hilario Galli, respondi\u00f3 en redes sociales el pedido de intervenci\u00f3n del Intendente Galli para acceder a<\/p>\n","protected":false},"author":5,"featured_media":3532,"comment_status":"closed","ping_status":"closed","sticky":false,"template":"","format":"standard","meta":{"_jetpack_memberships_contains_paid_content":false,"footnotes":""},"categories":[4,1],"tags":[],"class_list":["post-30441","post","type-post","status-publish","format-standard","has-post-thumbnail","hentry","category-politica","category-portada"],"jetpack_featured_media_url":"https:\/\/i0.wp.com\/cdnoticias.com\/wp-content\/uploads\/2020\/10\/Hilario-Galli.jpeg?fit=1280%2C853&ssl=1","jetpack_sharing_enabled":true,"_links":{"self":[{"href":"https:\/\/cdnoticias.com\/index.php\/wp-json\/wp\/v2\/posts\/30441","targetHints":{"allow":["GET"]}}],"collection":[{"href":"https:\/\/cdnoticias.com\/index.php\/wp-json\/wp\/v2\/posts"}],"about":[{"href":"https:\/\/cdnoticias.com\/index.php\/wp-json\/wp\/v2\/types\/post"}],"author":[{"embeddable":true,"href":"https:\/\/cdnoticias.com\/index.php\/wp-json\/wp\/v2\/users\/5"}],"replies":[{"embeddable":true,"href":"https:\/\/cdnoticias.com\/index.php\/wp-json\/wp\/v2\/comments?post=30441"}],"version-history":[{"count":0,"href":"https:\/\/cdnoticias.com\/index.php\/wp-json\/wp\/v2\/posts\/30441\/revisions"}],"wp:featuredmedia":[{"embeddable":true,"href":"https:\/\/cdnoticias.com\/index.php\/wp-json\/wp\/v2\/media\/3532"}],"wp:attachment":[{"href":"https:\/\/cdnoticias.com\/index.php\/wp-json\/wp\/v2\/media?parent=30441"}],"wp:term":[{"taxonomy":"category","embeddable":true,"href":"https:\/\/cdnoticias.com\/index.php\/wp-json\/wp\/v2\/categories?post=30441"},{"taxonomy":"post_tag","embeddable":true,"href":"https:\/\/cdnoticias.com\/index.php\/wp-json\/wp\/v2\/tags?post=30441"}],"curies":[{"name":"wp","href":"https:\/\/api.w.org\/{rel}","templated":true}]}}