{"id":3044,"date":"2020-10-02T16:33:12","date_gmt":"2020-10-02T19:33:12","guid":{"rendered":"http:\/\/www.centraldenoticias.com.ar\/?p=3044"},"modified":"2020-10-02T16:33:12","modified_gmt":"2020-10-02T19:33:12","slug":"la-mesa-de-emergencia-convoca-a-una-asamblea-urgente","status":"publish","type":"post","link":"https:\/\/cdnoticias.com\/index.php\/2020\/10\/02\/la-mesa-de-emergencia-convoca-a-una-asamblea-urgente\/","title":{"rendered":"La Mesa de Emergencia convoca a una asamblea \u201curgente\u201d"},"content":{"rendered":"<p>La convocatoria, seg\u00fan se enfatiz\u00f3, es \u201cante la ausencia de pol\u00edticas p\u00fablicas destinadas a viviendas y la creciente demanda\u201d. Ser\u00e1 este s\u00e1bado desde las 15 en la plaza central.<\/p>\n<p><!--more--><\/p>\n<hr \/>\n<p>Se prolonga y agudiza la protesta desde la Mesa de Emergencia, que junto a otras agrupaciones locales mantiene instalada <a href=\"https:\/\/cdnoticias.com\/index.php\/2020\/09\/30\/la-mesa-de-emergencia-volvio-a-acampar-frente-a-la-municipalidad-le-dimos-tiempo-hasta-hoy\/\">una carpa frente al Palacio Municipal como medida de reclamo ante la falta de respuestas del Ejecutivo local sobre la situaci\u00f3n de vulnerabilidad de varias familias de nuestra ciudad<\/a>.<\/p>\n<p>&nbsp;<\/p>\n<p><img data-recalc-dims=\"1\" loading=\"lazy\" decoding=\"async\" class=\"alignnone size-large wp-image-2871\" src=\"https:\/\/i0.wp.com\/cdnoticias.com\/wp-content\/uploads\/2020\/09\/carpamesadeemergencia01.jpg?resize=800%2C529&#038;ssl=1\" alt=\"\" width=\"800\" height=\"529\" srcset=\"https:\/\/i0.wp.com\/cdnoticias.com\/wp-content\/uploads\/2020\/09\/carpamesadeemergencia01.jpg?resize=1024%2C677&amp;ssl=1 1024w, https:\/\/i0.wp.com\/cdnoticias.com\/wp-content\/uploads\/2020\/09\/carpamesadeemergencia01.jpg?resize=300%2C198&amp;ssl=1 300w, https:\/\/i0.wp.com\/cdnoticias.com\/wp-content\/uploads\/2020\/09\/carpamesadeemergencia01.jpg?resize=768%2C508&amp;ssl=1 768w, https:\/\/i0.wp.com\/cdnoticias.com\/wp-content\/uploads\/2020\/09\/carpamesadeemergencia01.jpg?w=1152&amp;ssl=1 1152w\" sizes=\"auto, (max-width: 800px) 100vw, 800px\" \/><\/p>\n<p>&nbsp;<\/p>\n<p>Vale recordar que en los \u00faltimos d\u00edas decidieron retomar ese tipo de protesta ante la falta de respuestas concretas, tal cual se enfatiz\u00f3 ante la consulta de este portal. <a href=\"https:\/\/cdnoticias.com\/index.php\/2020\/09\/26\/se-levanto-el-acampe-robbiani-recibio-a-los-manifestantes-y-se-comprometio-a-responder\/\">La semana pasada hab\u00edan instalado tambi\u00e9n una carpa pero luego se retiraron ante promesas que no se habr\u00edan cumplido<\/a>.<\/p>\n<p>&nbsp;<\/p>\n<p><strong>\u201cAnte la ausencia de pol\u00edticas p\u00fablicas destinadas a viviendas y la creciente demanda, que hemos recepcionado desde el acampe iniciado la semana anterior, y que por falsas promesas de los funcionarios p\u00fablicos, hoy estamos manteniendo, en las puertas de la municipalidad, la visibilizacion de esta problem\u00e1tica<\/strong>\u201d, se enfatiz\u00f3 en las \u00faltimas horas desde la Mesa de Emergencia en un comunicado enviado a los medios.<\/p>\n<p>&nbsp;<\/p>\n<p><img data-recalc-dims=\"1\" loading=\"lazy\" decoding=\"async\" class=\"alignnone size-large wp-image-2872\" src=\"https:\/\/i0.wp.com\/cdnoticias.com\/wp-content\/uploads\/2020\/09\/carpamesadeemergencia02.jpg?resize=800%2C623&#038;ssl=1\" alt=\"\" width=\"800\" height=\"623\" srcset=\"https:\/\/i0.wp.com\/cdnoticias.com\/wp-content\/uploads\/2020\/09\/carpamesadeemergencia02.jpg?resize=1024%2C797&amp;ssl=1 1024w, https:\/\/i0.wp.com\/cdnoticias.com\/wp-content\/uploads\/2020\/09\/carpamesadeemergencia02.jpg?resize=300%2C233&amp;ssl=1 300w, https:\/\/i0.wp.com\/cdnoticias.com\/wp-content\/uploads\/2020\/09\/carpamesadeemergencia02.jpg?resize=768%2C598&amp;ssl=1 768w, https:\/\/i0.wp.com\/cdnoticias.com\/wp-content\/uploads\/2020\/09\/carpamesadeemergencia02.jpg?w=1068&amp;ssl=1 1068w\" sizes=\"auto, (max-width: 800px) 100vw, 800px\" \/><\/p>\n<p>&nbsp;<\/p>\n<p>\u201cEs por este motivo que convocamos a organizaciones sociales, pol\u00edticas, distintos actores de la sociedad civil, y toda aquella familia que est\u00e9n atravesando por una situaci\u00f3n de emergencia habitacional, a u<strong>na asamblea este s\u00e1bado 3 de octubre a las 15 horas, en la plaza central\u201d<\/strong>, se a\u00f1adi\u00f3.<\/p>\n<p>&nbsp;<\/p>\n<p>Por \u00faltimo, se llev\u00f3 a cabo una suerte de punteo con los reclamos que dan lugar a la convocatoria: Porque el acceso a la vivienda digna es un derecho constitucional; porque las tierras fiscales, deben ser destinadas a familias en situaci\u00f3n de vulnerabilidad habitacional; <strong>porque nunca se ha buscado crear un fondo econ\u00f3mico que permita generar cr\u00e9ditos accesibles para adquirir terrenos o materiales de construcci\u00f3n, para trabajadoras y trabajadores de la econom\u00eda informal, como tampoco lo hay para aquellos que trabajan en relaci\u00f3n de dependencia; porque los precios de la tierra son inaccesibles para la clase trabajadora de sueldos promedios; porque existe la ley de h\u00e1bitat, y nuestra intendencia debe que empezar a cumplimentarla y por la creaci\u00f3n de un consejo de h\u00e1bitat ya!!<\/strong> y la participaci\u00f3n activa de las organizaciones sociales en \u00e9l, es fundamental para la eficiente aplicaci\u00f3n de la misma. \u201cLucha y organizaci\u00f3n son el camino, no nos vamos sin respuesta\u201d, se concluy\u00f3.<\/p>\n","protected":false},"excerpt":{"rendered":"<p>La convocatoria, seg\u00fan se enfatiz\u00f3, es \u201cante la ausencia de pol\u00edticas p\u00fablicas destinadas a viviendas y la creciente demanda\u201d. Ser\u00e1<\/p>\n","protected":false},"author":3,"featured_media":3045,"comment_status":"closed","ping_status":"closed","sticky":false,"template":"","format":"standard","meta":{"_jetpack_memberships_contains_paid_content":false,"footnotes":""},"categories":[5,1],"tags":[],"class_list":["post-3044","post","type-post","status-publish","format-standard","has-post-thumbnail","hentry","category-informacion-general","category-portada"],"jetpack_featured_media_url":"https:\/\/i0.wp.com\/cdnoticias.com\/wp-content\/uploads\/2020\/10\/mesa.jpg?fit=1366%2C768&ssl=1","jetpack_sharing_enabled":true,"_links":{"self":[{"href":"https:\/\/cdnoticias.com\/index.php\/wp-json\/wp\/v2\/posts\/3044","targetHints":{"allow":["GET"]}}],"collection":[{"href":"https:\/\/cdnoticias.com\/index.php\/wp-json\/wp\/v2\/posts"}],"about":[{"href":"https:\/\/cdnoticias.com\/index.php\/wp-json\/wp\/v2\/types\/post"}],"author":[{"embeddable":true,"href":"https:\/\/cdnoticias.com\/index.php\/wp-json\/wp\/v2\/users\/3"}],"replies":[{"embeddable":true,"href":"https:\/\/cdnoticias.com\/index.php\/wp-json\/wp\/v2\/comments?post=3044"}],"version-history":[{"count":0,"href":"https:\/\/cdnoticias.com\/index.php\/wp-json\/wp\/v2\/posts\/3044\/revisions"}],"wp:featuredmedia":[{"embeddable":true,"href":"https:\/\/cdnoticias.com\/index.php\/wp-json\/wp\/v2\/media\/3045"}],"wp:attachment":[{"href":"https:\/\/cdnoticias.com\/index.php\/wp-json\/wp\/v2\/media?parent=3044"}],"wp:term":[{"taxonomy":"category","embeddable":true,"href":"https:\/\/cdnoticias.com\/index.php\/wp-json\/wp\/v2\/categories?post=3044"},{"taxonomy":"post_tag","embeddable":true,"href":"https:\/\/cdnoticias.com\/index.php\/wp-json\/wp\/v2\/tags?post=3044"}],"curies":[{"name":"wp","href":"https:\/\/api.w.org\/{rel}","templated":true}]}}