{"id":30411,"date":"2021-08-21T16:51:52","date_gmt":"2021-08-21T19:51:52","guid":{"rendered":"http:\/\/www.centraldenoticias.com.ar\/?p=30411"},"modified":"2021-08-21T16:51:52","modified_gmt":"2021-08-21T19:51:52","slug":"ernesto-omar-gomez-coco-q-e-p-d","status":"publish","type":"post","link":"https:\/\/cdnoticias.com\/index.php\/2021\/08\/21\/ernesto-omar-gomez-coco-q-e-p-d\/","title":{"rendered":"Ernesto Omar G\u00f3mez &#8220;Coco&#8221; (Q.E.P.D.)"},"content":{"rendered":"<p>Falleci\u00f3 en Olavarr\u00eda el 21 de agosto de 2021 a los 81 a\u00f1os. Su esposa Azucena Trejo; sus hijos Mariela y Nacho G\u00f3mez; sus hijos Karina de Jes\u00fas Costa; sus nietos Mat\u00edas, Camila, Santiago, Renata, Clarita y Lucas; sus hermanos Ethel, Galdys, Blanca, Celina, Elsa, Marta y Mary; sus hermanos pol\u00edticos; sus sobrinos y dem\u00e1s deudos participan su fallecimiento.<\/p>\n<p>&nbsp;<\/p>\n<p>Sus restos ser\u00e1n velados en la sala de Espa\u00f1a 2942, departamento \u201cD\u201d desde las 16 horas e inhumados en el Crematorio Pinos de Paz, previo responso en la Capilla Ardiente, en d\u00eda y horario a confirmar. Nacido en Pirovano, vecino de barrio Luj\u00e1n, jubilado de Cerro Negro.<\/p>\n","protected":false},"excerpt":{"rendered":"<p>Falleci\u00f3 en Olavarr\u00eda el 21 de agosto de 2021 a los 81 a\u00f1os. Su esposa Azucena Trejo; sus hijos Mariela<\/p>\n","protected":false},"author":2,"featured_media":0,"comment_status":"closed","ping_status":"closed","sticky":false,"template":"","format":"standard","meta":{"_jetpack_memberships_contains_paid_content":false,"footnotes":""},"categories":[10],"tags":[],"class_list":["post-30411","post","type-post","status-publish","format-standard","hentry","category-necrologicas"],"jetpack_featured_media_url":"","jetpack_sharing_enabled":true,"_links":{"self":[{"href":"https:\/\/cdnoticias.com\/index.php\/wp-json\/wp\/v2\/posts\/30411","targetHints":{"allow":["GET"]}}],"collection":[{"href":"https:\/\/cdnoticias.com\/index.php\/wp-json\/wp\/v2\/posts"}],"about":[{"href":"https:\/\/cdnoticias.com\/index.php\/wp-json\/wp\/v2\/types\/post"}],"author":[{"embeddable":true,"href":"https:\/\/cdnoticias.com\/index.php\/wp-json\/wp\/v2\/users\/2"}],"replies":[{"embeddable":true,"href":"https:\/\/cdnoticias.com\/index.php\/wp-json\/wp\/v2\/comments?post=30411"}],"version-history":[{"count":0,"href":"https:\/\/cdnoticias.com\/index.php\/wp-json\/wp\/v2\/posts\/30411\/revisions"}],"wp:attachment":[{"href":"https:\/\/cdnoticias.com\/index.php\/wp-json\/wp\/v2\/media?parent=30411"}],"wp:term":[{"taxonomy":"category","embeddable":true,"href":"https:\/\/cdnoticias.com\/index.php\/wp-json\/wp\/v2\/categories?post=30411"},{"taxonomy":"post_tag","embeddable":true,"href":"https:\/\/cdnoticias.com\/index.php\/wp-json\/wp\/v2\/tags?post=30411"}],"curies":[{"name":"wp","href":"https:\/\/api.w.org\/{rel}","templated":true}]}}