{"id":3039,"date":"2020-10-02T16:15:36","date_gmt":"2020-10-02T19:15:36","guid":{"rendered":"http:\/\/www.centraldenoticias.com.ar\/?p=3039"},"modified":"2020-10-02T16:15:36","modified_gmt":"2020-10-02T19:15:36","slug":"continuan-las-actividades-sobre-difusion-y-promocion-de-los-derechos-humanos","status":"publish","type":"post","link":"https:\/\/cdnoticias.com\/index.php\/2020\/10\/02\/continuan-las-actividades-sobre-difusion-y-promocion-de-los-derechos-humanos\/","title":{"rendered":"Contin\u00faan las actividades sobre difusi\u00f3n y promoci\u00f3n de los Derechos Humanos"},"content":{"rendered":"<p>&nbsp;<\/p>\n<p>La delegada local de la subsecretar\u00eda de Derechos Humanos de la Provincia de Buenos Aires, mantuvo una reuni\u00f3n con representantes de diferentes espacios de nuestra ciudad que realizaron los cursos ofrecidos por la Escuela Provincial de Derechos Humanos e intercambiaron ideas para implementar la tem\u00e1tica.<!--more--><\/p>\n<hr \/>\n<p>El jueves por la tarde, quienes finalizaron los <strong>cursos de la escuela Provincial de Derechos Humanos<\/strong> mantuvieron una reuni\u00f3n con la delegada local Griselda Lemiez para intercambiar ideas, experiencias del curso y analizar la posibilidad de poder volcar lo aprendido y transformarlo en nuevas actividades en la ciudad.<\/p>\n<p>&nbsp;<\/p>\n<p>Los cursos que realizaron fueron: Introducci\u00f3n a los Derechos Humanos, Salud Mental y Derechos Humanos, Arte, Cultura y Derechos Humanos, El Derecho Humano a la migraci\u00f3n, Violencia institucional: pensar las violencias, repensar las instituciones, Democracia, Movimientos Sociales y Derecho a la Protesta, Los caminos de la Memoria y la Justicia, Pr\u00e1cticas sociales genocidas en el siglo XX: de la experiencia europea al caso argentino, Literatura y Memoria.<\/p>\n<p>&nbsp;<\/p>\n<p>Cabe destacar que la delegaci\u00f3n local de la subsecretar\u00eda de Derechos Humanos tiene como objetivo <strong>desarrollar un programa integral de capacitaci\u00f3n en Derechos Humanos sobre aspectos conceptuales, perspectivas generales y tem\u00e1ticas espec\u00edficas.<\/strong><\/p>\n<p>&nbsp;<\/p>\n<p>Participaron de la charla, Mesa Intersindical Contra la Violencia y Discriminaci\u00f3n Laboral, La C\u00e1mpora Olavarr\u00eda, Proyecto Memoria y DDHH de la UNICEN, Nuevo Encuentro Olavarr\u00eda, Programa Permanente de Estudios de la Mujer (PPEM), Partido Solidario, Macondo Mutual de Arte Popular de Olavarr\u00eda y Mutual de Arte Popular Murga Arrebatando L\u00e1grimas.<\/p>\n","protected":false},"excerpt":{"rendered":"<p>&nbsp; La delegada local de la subsecretar\u00eda de Derechos Humanos de la Provincia de Buenos Aires, mantuvo una reuni\u00f3n con<\/p>\n","protected":false},"author":5,"featured_media":3042,"comment_status":"closed","ping_status":"closed","sticky":false,"template":"","format":"standard","meta":{"_jetpack_memberships_contains_paid_content":false,"footnotes":""},"categories":[5,1],"tags":[],"class_list":["post-3039","post","type-post","status-publish","format-standard","has-post-thumbnail","hentry","category-informacion-general","category-portada"],"jetpack_featured_media_url":"https:\/\/i0.wp.com\/cdnoticias.com\/wp-content\/uploads\/2020\/10\/llamada.jpg?fit=994%2C555&ssl=1","jetpack_sharing_enabled":true,"_links":{"self":[{"href":"https:\/\/cdnoticias.com\/index.php\/wp-json\/wp\/v2\/posts\/3039","targetHints":{"allow":["GET"]}}],"collection":[{"href":"https:\/\/cdnoticias.com\/index.php\/wp-json\/wp\/v2\/posts"}],"about":[{"href":"https:\/\/cdnoticias.com\/index.php\/wp-json\/wp\/v2\/types\/post"}],"author":[{"embeddable":true,"href":"https:\/\/cdnoticias.com\/index.php\/wp-json\/wp\/v2\/users\/5"}],"replies":[{"embeddable":true,"href":"https:\/\/cdnoticias.com\/index.php\/wp-json\/wp\/v2\/comments?post=3039"}],"version-history":[{"count":0,"href":"https:\/\/cdnoticias.com\/index.php\/wp-json\/wp\/v2\/posts\/3039\/revisions"}],"wp:featuredmedia":[{"embeddable":true,"href":"https:\/\/cdnoticias.com\/index.php\/wp-json\/wp\/v2\/media\/3042"}],"wp:attachment":[{"href":"https:\/\/cdnoticias.com\/index.php\/wp-json\/wp\/v2\/media?parent=3039"}],"wp:term":[{"taxonomy":"category","embeddable":true,"href":"https:\/\/cdnoticias.com\/index.php\/wp-json\/wp\/v2\/categories?post=3039"},{"taxonomy":"post_tag","embeddable":true,"href":"https:\/\/cdnoticias.com\/index.php\/wp-json\/wp\/v2\/tags?post=3039"}],"curies":[{"name":"wp","href":"https:\/\/api.w.org\/{rel}","templated":true}]}}