{"id":30374,"date":"2021-08-21T10:56:14","date_gmt":"2021-08-21T13:56:14","guid":{"rendered":"http:\/\/www.centraldenoticias.com.ar\/?p=30374"},"modified":"2021-08-21T10:56:14","modified_gmt":"2021-08-21T13:56:14","slug":"marisa-isabel-ruppel-q-e-p-d","status":"publish","type":"post","link":"https:\/\/cdnoticias.com\/index.php\/2021\/08\/21\/marisa-isabel-ruppel-q-e-p-d\/","title":{"rendered":"Marisa Isabel Ruppel (Q.E.P.D.)"},"content":{"rendered":"<p>Falleci\u00f3 en Olavarr\u00eda el 20 de agosto a los 51 a\u00f1os de edad. Sus hijos, sus hermanas, sus sobrinos, sus primos, sus t\u00edos, sus amigos y dem\u00e1s deudos participan de su fallecimiento.<\/p>\n<p>&nbsp;<\/p>\n<p>Sus restos son velados en Sala &#8221;A&#8221; de Sierras Bayas a partir de las 09:30 y ser\u00e1n inhumados en el Cementerio Municipal de Sierras Bayas este s\u00e1bado 21 de agosto a las 11:30, previo responso en la Capilla Ardiente. Vecina de Pueblo Nuevo. Docente.<\/p>\n","protected":false},"excerpt":{"rendered":"<p>Falleci\u00f3 en Olavarr\u00eda el 20 de agosto a los 51 a\u00f1os de edad. Sus hijos, sus hermanas, sus sobrinos, sus<\/p>\n","protected":false},"author":5,"featured_media":0,"comment_status":"closed","ping_status":"closed","sticky":false,"template":"","format":"standard","meta":{"_jetpack_memberships_contains_paid_content":false,"footnotes":""},"categories":[10],"tags":[],"class_list":["post-30374","post","type-post","status-publish","format-standard","hentry","category-necrologicas"],"jetpack_featured_media_url":"","jetpack_sharing_enabled":true,"_links":{"self":[{"href":"https:\/\/cdnoticias.com\/index.php\/wp-json\/wp\/v2\/posts\/30374","targetHints":{"allow":["GET"]}}],"collection":[{"href":"https:\/\/cdnoticias.com\/index.php\/wp-json\/wp\/v2\/posts"}],"about":[{"href":"https:\/\/cdnoticias.com\/index.php\/wp-json\/wp\/v2\/types\/post"}],"author":[{"embeddable":true,"href":"https:\/\/cdnoticias.com\/index.php\/wp-json\/wp\/v2\/users\/5"}],"replies":[{"embeddable":true,"href":"https:\/\/cdnoticias.com\/index.php\/wp-json\/wp\/v2\/comments?post=30374"}],"version-history":[{"count":0,"href":"https:\/\/cdnoticias.com\/index.php\/wp-json\/wp\/v2\/posts\/30374\/revisions"}],"wp:attachment":[{"href":"https:\/\/cdnoticias.com\/index.php\/wp-json\/wp\/v2\/media?parent=30374"}],"wp:term":[{"taxonomy":"category","embeddable":true,"href":"https:\/\/cdnoticias.com\/index.php\/wp-json\/wp\/v2\/categories?post=30374"},{"taxonomy":"post_tag","embeddable":true,"href":"https:\/\/cdnoticias.com\/index.php\/wp-json\/wp\/v2\/tags?post=30374"}],"curies":[{"name":"wp","href":"https:\/\/api.w.org\/{rel}","templated":true}]}}