{"id":30320,"date":"2021-08-20T20:16:00","date_gmt":"2021-08-20T23:16:00","guid":{"rendered":"http:\/\/www.centraldenoticias.com.ar\/?p=30320"},"modified":"2021-08-20T20:16:00","modified_gmt":"2021-08-20T23:16:00","slug":"bruno-cenizo-es-importantisimo-tener-mas-voces","status":"publish","type":"post","link":"https:\/\/cdnoticias.com\/index.php\/2021\/08\/20\/bruno-cenizo-es-importantisimo-tener-mas-voces\/","title":{"rendered":"Bruno Cenizo: \u201cEs important\u00edsimo tener m\u00e1s voces\u201d"},"content":{"rendered":"<p>Lo asegur\u00f3 el precandidato a concejal en primer lugar por la lista de Juntos en Olavarr\u00eda, en relaci\u00f3n a una pr\u00f3xima conformaci\u00f3n del Concejo Deliberante.<!--more--><\/p>\n<hr \/>\n<p><em>\u201cResta seguir haciendo la campa\u00f1a que venimos haciendo que es la de<strong> estar cerca del vecino<\/strong>, advirtiendo cu\u00e1les son las necesidades para seguir adelante\u201d<\/em>, indic\u00f3 Bruno Cenizo, primer precandidato a concejal.<\/p>\n<p>&nbsp;<\/p>\n<p><em>\u201cEs important\u00edsimo tener m\u00e1s voces\u201d<\/em>, asegur\u00f3 en di\u00e1logo con <em>Central de Noticias<\/em> luego del <a href=\"https:\/\/cdnoticias.com\/index.php\/2021\/08\/20\/galli-tenemos-que-vencer-a-nuestro-verdadero-rival-que-es-el-kirchnerismo\/\" target=\"_blank\" rel=\"noopener\">acto de lanzamiento de precandidatos en Colonia Nievas.<\/a> Y acto seguido enumer\u00f3 las<strong><em> \u201cvoces de la educaci\u00f3n, del campo, del empresariado, de los profesionales&#8230;\u201d.<\/em><\/strong><\/p>\n<p>&nbsp;<\/p>\n<p><img data-recalc-dims=\"1\" loading=\"lazy\" decoding=\"async\" class=\"alignnone size-full wp-image-30303\" src=\"https:\/\/i0.wp.com\/cdnoticias.com\/wp-content\/uploads\/2021\/08\/WhatsApp-Image-2021-08-20-at-18.54.26.jpeg?resize=800%2C533&#038;ssl=1\" alt=\"\" width=\"800\" height=\"533\" srcset=\"https:\/\/i0.wp.com\/cdnoticias.com\/wp-content\/uploads\/2021\/08\/WhatsApp-Image-2021-08-20-at-18.54.26.jpeg?w=1599&amp;ssl=1 1599w, https:\/\/i0.wp.com\/cdnoticias.com\/wp-content\/uploads\/2021\/08\/WhatsApp-Image-2021-08-20-at-18.54.26.jpeg?resize=300%2C200&amp;ssl=1 300w, https:\/\/i0.wp.com\/cdnoticias.com\/wp-content\/uploads\/2021\/08\/WhatsApp-Image-2021-08-20-at-18.54.26.jpeg?resize=768%2C512&amp;ssl=1 768w, https:\/\/i0.wp.com\/cdnoticias.com\/wp-content\/uploads\/2021\/08\/WhatsApp-Image-2021-08-20-at-18.54.26.jpeg?resize=1024%2C683&amp;ssl=1 1024w, https:\/\/i0.wp.com\/cdnoticias.com\/wp-content\/uploads\/2021\/08\/WhatsApp-Image-2021-08-20-at-18.54.26.jpeg?resize=272%2C182&amp;ssl=1 272w\" sizes=\"auto, (max-width: 800px) 100vw, 800px\" \/><\/p>\n<p>&nbsp;<\/p>\n<p>Respecto a la <strong>conformaci\u00f3n de un pr\u00f3ximo Concejo Deliberante<\/strong> visualiz\u00f3 un espacio<em> \u201cbien marcado en dos bloques, pero m\u00e1s de qui\u00e9n tenga la mayor\u00eda hay que tener di\u00e1logo con el resto de los bloques pol\u00edticos y es lo que requieren los temas m\u00e1s importantes de la ciudad\u201d.<\/em><\/p>\n","protected":false},"excerpt":{"rendered":"<p>Lo asegur\u00f3 el precandidato a concejal en primer lugar por la lista de Juntos en Olavarr\u00eda, en relaci\u00f3n a una<\/p>\n","protected":false},"author":5,"featured_media":30308,"comment_status":"closed","ping_status":"closed","sticky":false,"template":"","format":"standard","meta":{"_jetpack_memberships_contains_paid_content":false,"footnotes":""},"categories":[4,1],"tags":[],"class_list":["post-30320","post","type-post","status-publish","format-standard","has-post-thumbnail","hentry","category-politica","category-portada"],"jetpack_featured_media_url":"https:\/\/i0.wp.com\/cdnoticias.com\/wp-content\/uploads\/2021\/08\/WhatsApp-Image-2021-08-20-at-19.25.51.jpeg?fit=1599%2C1066&ssl=1","jetpack_sharing_enabled":true,"_links":{"self":[{"href":"https:\/\/cdnoticias.com\/index.php\/wp-json\/wp\/v2\/posts\/30320","targetHints":{"allow":["GET"]}}],"collection":[{"href":"https:\/\/cdnoticias.com\/index.php\/wp-json\/wp\/v2\/posts"}],"about":[{"href":"https:\/\/cdnoticias.com\/index.php\/wp-json\/wp\/v2\/types\/post"}],"author":[{"embeddable":true,"href":"https:\/\/cdnoticias.com\/index.php\/wp-json\/wp\/v2\/users\/5"}],"replies":[{"embeddable":true,"href":"https:\/\/cdnoticias.com\/index.php\/wp-json\/wp\/v2\/comments?post=30320"}],"version-history":[{"count":0,"href":"https:\/\/cdnoticias.com\/index.php\/wp-json\/wp\/v2\/posts\/30320\/revisions"}],"wp:featuredmedia":[{"embeddable":true,"href":"https:\/\/cdnoticias.com\/index.php\/wp-json\/wp\/v2\/media\/30308"}],"wp:attachment":[{"href":"https:\/\/cdnoticias.com\/index.php\/wp-json\/wp\/v2\/media?parent=30320"}],"wp:term":[{"taxonomy":"category","embeddable":true,"href":"https:\/\/cdnoticias.com\/index.php\/wp-json\/wp\/v2\/categories?post=30320"},{"taxonomy":"post_tag","embeddable":true,"href":"https:\/\/cdnoticias.com\/index.php\/wp-json\/wp\/v2\/tags?post=30320"}],"curies":[{"name":"wp","href":"https:\/\/api.w.org\/{rel}","templated":true}]}}