{"id":30316,"date":"2021-08-20T19:57:11","date_gmt":"2021-08-20T22:57:11","guid":{"rendered":"http:\/\/www.centraldenoticias.com.ar\/?p=30316"},"modified":"2021-08-20T19:57:11","modified_gmt":"2021-08-20T22:57:11","slug":"diego-robbiani-lo-mas-importante-es-noviembre","status":"publish","type":"post","link":"https:\/\/cdnoticias.com\/index.php\/2021\/08\/20\/diego-robbiani-lo-mas-importante-es-noviembre\/","title":{"rendered":"Diego Robbiani: \u201cLo m\u00e1s importante es noviembre\u201d"},"content":{"rendered":"<p>El precandidato a senador provincial destac\u00f3 el entusiasmo de la gente \u201cen la calle\u201d ya que \u201cnos ven como una esperanza para salir de este momento oscuro\u201d. La interna y el armado seccional.\u00a0<!--more--><\/p>\n<hr \/>\n<p>El primer precandidato a senador provincial <strong>Diego Robbiani,<\/strong> dialog\u00f3 con<em> Central de Noticias<\/em> luego de la <a href=\"https:\/\/cdnoticias.com\/index.php\/2021\/08\/20\/galli-tenemos-que-vencer-a-nuestro-verdadero-rival-que-es-el-kirchnerismo\/\" target=\"_blank\" rel=\"noopener\">presentaci\u00f3n de la lista de Juntos<\/a> en Colonia Nievas y resalt\u00f3 <em>\u201cel entusiasmo\u201d<\/em> no solo del equipo de campa\u00f1a sino de las personas en lo cotidiano.<\/p>\n<p>&nbsp;<\/p>\n<p><em>\u201cVeo mucho empuje, nos ven como una esperanza de salir de este momento oscuro\u201d<\/em>, asegur\u00f3 y agreg\u00f3 respecto a las PASO que <strong><em>\u201cla interna es una situaci\u00f3n particular, creo que nos va a ordenar, es muy importante pero lo m\u00e1s importante es noviembre, es el momento clave, el momento de mantener balanceado el senado y la c\u00e1mara de diputados\u201d.<\/em><\/strong><\/p>\n<p>&nbsp;<\/p>\n<p><em>\u201cTenemos una <strong>exigencia muy grande en la s\u00e9ptima<\/strong> porque la \u00faltima elecci\u00f3n de 2017 metimos tres senadores y vamos por eso ahora tambi\u00e9n porque es clave para mantener el balance en el senado de la provincia de Buenos Aires\u201d<\/em>, indic\u00f3.<\/p>\n<p>&nbsp;<\/p>\n<p>Por \u00faltimo, explic\u00f3 que para el <strong>armado de las listas seccionales<\/strong> <em>\u201celegimos hablar con los vecinos y proponer candidatos que no vienen de la pol\u00edtica, que son vecinos reconocidos de la ciudad, armar listas heterog\u00e9neas y la verdad es que tenemos muchas esperanzas porque vemos muy buena recepci\u00f3n en todas aquellas localidades que hemos armado\u201d.<\/em><\/p>\n","protected":false},"excerpt":{"rendered":"<p>El precandidato a senador provincial destac\u00f3 el entusiasmo de la gente \u201cen la calle\u201d ya que \u201cnos ven como una<\/p>\n","protected":false},"author":5,"featured_media":30310,"comment_status":"closed","ping_status":"closed","sticky":false,"template":"","format":"standard","meta":{"_jetpack_memberships_contains_paid_content":false,"footnotes":""},"categories":[4,1],"tags":[],"class_list":["post-30316","post","type-post","status-publish","format-standard","has-post-thumbnail","hentry","category-politica","category-portada"],"jetpack_featured_media_url":"https:\/\/i0.wp.com\/cdnoticias.com\/wp-content\/uploads\/2021\/08\/WhatsApp-Image-2021-08-20-at-19.25.47.jpeg?fit=1599%2C1066&ssl=1","jetpack_sharing_enabled":true,"_links":{"self":[{"href":"https:\/\/cdnoticias.com\/index.php\/wp-json\/wp\/v2\/posts\/30316","targetHints":{"allow":["GET"]}}],"collection":[{"href":"https:\/\/cdnoticias.com\/index.php\/wp-json\/wp\/v2\/posts"}],"about":[{"href":"https:\/\/cdnoticias.com\/index.php\/wp-json\/wp\/v2\/types\/post"}],"author":[{"embeddable":true,"href":"https:\/\/cdnoticias.com\/index.php\/wp-json\/wp\/v2\/users\/5"}],"replies":[{"embeddable":true,"href":"https:\/\/cdnoticias.com\/index.php\/wp-json\/wp\/v2\/comments?post=30316"}],"version-history":[{"count":0,"href":"https:\/\/cdnoticias.com\/index.php\/wp-json\/wp\/v2\/posts\/30316\/revisions"}],"wp:featuredmedia":[{"embeddable":true,"href":"https:\/\/cdnoticias.com\/index.php\/wp-json\/wp\/v2\/media\/30310"}],"wp:attachment":[{"href":"https:\/\/cdnoticias.com\/index.php\/wp-json\/wp\/v2\/media?parent=30316"}],"wp:term":[{"taxonomy":"category","embeddable":true,"href":"https:\/\/cdnoticias.com\/index.php\/wp-json\/wp\/v2\/categories?post=30316"},{"taxonomy":"post_tag","embeddable":true,"href":"https:\/\/cdnoticias.com\/index.php\/wp-json\/wp\/v2\/tags?post=30316"}],"curies":[{"name":"wp","href":"https:\/\/api.w.org\/{rel}","templated":true}]}}