{"id":3031,"date":"2020-10-02T15:46:31","date_gmt":"2020-10-02T18:46:31","guid":{"rendered":"http:\/\/www.centraldenoticias.com.ar\/?p=3031"},"modified":"2020-10-02T15:46:31","modified_gmt":"2020-10-02T18:46:31","slug":"jorge-el-camionero-que-fue-detenido-en-formosa-visito-y-agradecio-al-personal-de-la-policia-federal","status":"publish","type":"post","link":"https:\/\/cdnoticias.com\/index.php\/2020\/10\/02\/jorge-el-camionero-que-fue-detenido-en-formosa-visito-y-agradecio-al-personal-de-la-policia-federal\/","title":{"rendered":"Jorge, el camionero que fue detenido en Formosa, visit\u00f3 y agradeci\u00f3 al personal de la polic\u00eda Federal"},"content":{"rendered":"<p>Lo hizo en la jornada de este viernes. Vale recordar que las gestiones realizadas desde la subdelegaci\u00f3n local fueron clave para lograr dar con el paradero del transportista olavarriense.<\/p>\n<p><!--more--><\/p>\n<hr \/>\n<p><strong>\u201cSimplemente cumplimos con nuestro deber\u201d<\/strong>. De esa manera el subcomisario Claudio Mart\u00edn Leyes, titular de la subdelegaci\u00f3n Olavarr\u00eda de polic\u00eda Federal le respondi\u00f3 en la ma\u00f1ana de este viernes a <a href=\"https:\/\/cdnoticias.com\/index.php\/2020\/09\/29\/estamos-mas-tranquilos-lo-tenemos-en-casa\/\">Jorge Fritz<\/a>, el camionero que estuvo dos semanas detenido en Formosa, quien se acerc\u00f3 a agradecer las gestiones realizadas desde esa dependencia.<\/p>\n<p>&nbsp;<\/p>\n<p>D\u00edas atr\u00e1s, cuando ya finalmente pudo emprender su viaje de regreso a nuestra ciudad, <a href=\"https:\/\/cdnoticias.com\/index.php\/2020\/09\/27\/estuve-preso-en-un-calabozo-con-rejas-y-candado\/\">el transportista olavarriense grab\u00f3 un video<\/a> en el que le dedic\u00f3 un apartado al personal Federal de nuestra ciudad. Vale recordar que <strong>fueron efectivos de esa fuerza los que permitieron dar con el paradero de Fritz, quien fue<a href=\"https:\/\/cdnoticias.com\/index.php\/2020\/09\/24\/desesperado-pedido-de-una-familia-olavarriense-por-un-camionero-detenido-en-formosa\/\"> detenido en Formosa acusado de violar la cuarentena.<\/a><\/strong><\/p>\n<p>&nbsp;<\/p>\n<p><img data-recalc-dims=\"1\" loading=\"lazy\" decoding=\"async\" class=\"alignnone size-large wp-image-3035\" src=\"https:\/\/i0.wp.com\/cdnoticias.com\/wp-content\/uploads\/2020\/10\/WhatsApp-Image-2020-10-02-at-12.54.52.jpeg?resize=800%2C450&#038;ssl=1\" alt=\"\" width=\"800\" height=\"450\" srcset=\"https:\/\/i0.wp.com\/cdnoticias.com\/wp-content\/uploads\/2020\/10\/WhatsApp-Image-2020-10-02-at-12.54.52.jpeg?resize=1024%2C576&amp;ssl=1 1024w, https:\/\/i0.wp.com\/cdnoticias.com\/wp-content\/uploads\/2020\/10\/WhatsApp-Image-2020-10-02-at-12.54.52.jpeg?resize=300%2C169&amp;ssl=1 300w, https:\/\/i0.wp.com\/cdnoticias.com\/wp-content\/uploads\/2020\/10\/WhatsApp-Image-2020-10-02-at-12.54.52.jpeg?resize=768%2C432&amp;ssl=1 768w, https:\/\/i0.wp.com\/cdnoticias.com\/wp-content\/uploads\/2020\/10\/WhatsApp-Image-2020-10-02-at-12.54.52.jpeg?w=1280&amp;ssl=1 1280w\" sizes=\"auto, (max-width: 800px) 100vw, 800px\" \/><\/p>\n<p>&nbsp;<\/p>\n<p>Sus familiares fueron quienes se acercaron en b\u00fasqueda de ayuda y desde la dependencia ubicada en avenida Del Valle y Aguilar <strong>se establecieron las comunicaciones con el norte del pa\u00eds que permitieron ubicarlo y conocer qu\u00e9 hab\u00eda sucedido.<\/strong><\/p>\n<p>&nbsp;<\/p>\n<p>Lo concreto es que este viernes Fritz se acerc\u00f3 a efectuar en persona el agradecimiento que ya hab\u00eda demostrado en redes sociales. <strong>\u201cLa presencia del se\u00f1or Fritz, hace renovar fuerzas y reivindicar nuestro servicio a la comunidad. Son muy pocas las veces que alguien se acerca agradecer y felicitar al personal policial por cumplir con su deber, es muy gratificante \u00e9ste tipo de gestos\u201d, se concluy\u00f3 desde la subdelegaci\u00f3n local de la polic\u00eda Federal.<\/strong><\/p>\n","protected":false},"excerpt":{"rendered":"<p>Lo hizo en la jornada de este viernes. Vale recordar que las gestiones realizadas desde la subdelegaci\u00f3n local fueron clave<\/p>\n","protected":false},"author":3,"featured_media":3034,"comment_status":"closed","ping_status":"closed","sticky":false,"template":"","format":"standard","meta":{"_jetpack_memberships_contains_paid_content":false,"footnotes":""},"categories":[5,1],"tags":[],"class_list":["post-3031","post","type-post","status-publish","format-standard","has-post-thumbnail","hentry","category-informacion-general","category-portada"],"jetpack_featured_media_url":"https:\/\/i0.wp.com\/cdnoticias.com\/wp-content\/uploads\/2020\/10\/WhatsApp-Image-2020-10-02-at-12.54.51.jpeg?fit=1280%2C720&ssl=1","jetpack_sharing_enabled":true,"_links":{"self":[{"href":"https:\/\/cdnoticias.com\/index.php\/wp-json\/wp\/v2\/posts\/3031","targetHints":{"allow":["GET"]}}],"collection":[{"href":"https:\/\/cdnoticias.com\/index.php\/wp-json\/wp\/v2\/posts"}],"about":[{"href":"https:\/\/cdnoticias.com\/index.php\/wp-json\/wp\/v2\/types\/post"}],"author":[{"embeddable":true,"href":"https:\/\/cdnoticias.com\/index.php\/wp-json\/wp\/v2\/users\/3"}],"replies":[{"embeddable":true,"href":"https:\/\/cdnoticias.com\/index.php\/wp-json\/wp\/v2\/comments?post=3031"}],"version-history":[{"count":0,"href":"https:\/\/cdnoticias.com\/index.php\/wp-json\/wp\/v2\/posts\/3031\/revisions"}],"wp:featuredmedia":[{"embeddable":true,"href":"https:\/\/cdnoticias.com\/index.php\/wp-json\/wp\/v2\/media\/3034"}],"wp:attachment":[{"href":"https:\/\/cdnoticias.com\/index.php\/wp-json\/wp\/v2\/media?parent=3031"}],"wp:term":[{"taxonomy":"category","embeddable":true,"href":"https:\/\/cdnoticias.com\/index.php\/wp-json\/wp\/v2\/categories?post=3031"},{"taxonomy":"post_tag","embeddable":true,"href":"https:\/\/cdnoticias.com\/index.php\/wp-json\/wp\/v2\/tags?post=3031"}],"curies":[{"name":"wp","href":"https:\/\/api.w.org\/{rel}","templated":true}]}}