{"id":3029,"date":"2020-10-02T15:40:42","date_gmt":"2020-10-02T18:40:42","guid":{"rendered":"http:\/\/www.centraldenoticias.com.ar\/?p=3029"},"modified":"2020-10-02T15:40:42","modified_gmt":"2020-10-02T18:40:42","slug":"dora-eva-orfanelli-de-francisco-q-e-p-d","status":"publish","type":"post","link":"https:\/\/cdnoticias.com\/index.php\/2020\/10\/02\/dora-eva-orfanelli-de-francisco-q-e-p-d\/","title":{"rendered":"Dora Eva Orfanelli de Francisco (Q.E.P.D.)"},"content":{"rendered":"<p>Falleci\u00f3 en Olavarr\u00eda a los 74 a\u00f1os de edad. Su esposo Manuel Francisco; su madre Julia Rossi; sus hijos: Pablo Hern\u00e1n, Mar\u00eda Silvina y Julia Emilia Francisco; sus nietos: Federico y Marcos Azcurra, Hern\u00e1n, Marina y Morena Francisco; Bautista y Delfina Pedernera; sus bisnietos Benicio Francisco, Cirilo Azcurra y dem\u00e1s deudos participan su fallecimiento.<\/p>\n<p>&nbsp;<\/p>\n<p>Sus restos ser\u00e1n cremados en Crematorio Pinos de Paz en d\u00eda y horario a confirmar. Vecina de barrio El Molino. Jubilada.<\/p>\n","protected":false},"excerpt":{"rendered":"<p>Falleci\u00f3 en Olavarr\u00eda a los 74 a\u00f1os de edad. Su esposo Manuel Francisco; su madre Julia Rossi; sus hijos: Pablo<\/p>\n","protected":false},"author":5,"featured_media":0,"comment_status":"closed","ping_status":"closed","sticky":false,"template":"","format":"standard","meta":{"_jetpack_memberships_contains_paid_content":false,"footnotes":""},"categories":[10],"tags":[],"class_list":["post-3029","post","type-post","status-publish","format-standard","hentry","category-necrologicas"],"jetpack_featured_media_url":"","jetpack_sharing_enabled":true,"_links":{"self":[{"href":"https:\/\/cdnoticias.com\/index.php\/wp-json\/wp\/v2\/posts\/3029","targetHints":{"allow":["GET"]}}],"collection":[{"href":"https:\/\/cdnoticias.com\/index.php\/wp-json\/wp\/v2\/posts"}],"about":[{"href":"https:\/\/cdnoticias.com\/index.php\/wp-json\/wp\/v2\/types\/post"}],"author":[{"embeddable":true,"href":"https:\/\/cdnoticias.com\/index.php\/wp-json\/wp\/v2\/users\/5"}],"replies":[{"embeddable":true,"href":"https:\/\/cdnoticias.com\/index.php\/wp-json\/wp\/v2\/comments?post=3029"}],"version-history":[{"count":0,"href":"https:\/\/cdnoticias.com\/index.php\/wp-json\/wp\/v2\/posts\/3029\/revisions"}],"wp:attachment":[{"href":"https:\/\/cdnoticias.com\/index.php\/wp-json\/wp\/v2\/media?parent=3029"}],"wp:term":[{"taxonomy":"category","embeddable":true,"href":"https:\/\/cdnoticias.com\/index.php\/wp-json\/wp\/v2\/categories?post=3029"},{"taxonomy":"post_tag","embeddable":true,"href":"https:\/\/cdnoticias.com\/index.php\/wp-json\/wp\/v2\/tags?post=3029"}],"curies":[{"name":"wp","href":"https:\/\/api.w.org\/{rel}","templated":true}]}}