{"id":30267,"date":"2021-08-21T13:54:51","date_gmt":"2021-08-21T16:54:51","guid":{"rendered":"http:\/\/www.centraldenoticias.com.ar\/?p=30267"},"modified":"2021-08-21T14:37:24","modified_gmt":"2021-08-21T17:37:24","slug":"juan-fera-en-olavarria-para-implementar-una-agenda-pyme","status":"publish","type":"post","link":"https:\/\/cdnoticias.com\/index.php\/2021\/08\/21\/juan-fera-en-olavarria-para-implementar-una-agenda-pyme\/","title":{"rendered":"Juan Fera en Olavarr\u00eda, para implementar \u201cuna agenda pyme\u201d"},"content":{"rendered":"<p>El empresario y dirigente pyme bonaerense estuvo en la Uni\u00f3n Industrial de Olavarr\u00eda. Habl\u00f3 de los objetivos de los industriales y destac\u00f3 que en la Provincia \u201chay un esquema industrialista 100%\u201d.<\/p>\n<hr \/>\n<p><u><\/u><!--more--><\/p>\n<p><strong>El titular de la Uni\u00f3n Industrial de General Rodr\u00edguez, el empresario Juan Fera, estuvo en Olavarr\u00eda con sus pares de la Industrial local<\/strong>. El encuentro se dio en el marco de una especie de gira del due\u00f1o de Marolio y Maxiconsumo por distintas localidades bonaerenses con<strong> la intenci\u00f3n de \u201cimplementar una agenda pyme\u201d<\/strong> con la cual dialogar con el Gobierno y con distintos sectores de la econom\u00eda. <strong>\u201cNosotros venimos trabajando para todos los industriales de la provincia\u201d subray\u00f3<\/strong>.<\/p>\n<p>&nbsp;<\/p>\n<p>Los <strong>directivos de la Uni\u00f3n Industrial local, Cesar Longo y Sergio Corso<\/strong>, recibieron a Fera. \u201cEs uno de los empresarios m\u00e1s importantes de Argentina. <strong>Tiene visi\u00f3n de todo lo que ocurre en lo nacional y provincial<\/strong>. Que pueda venir, compartir un tiempo con nosotros y con todos los empresarios, nos sirve su experiencia, su visi\u00f3n de lo que es la gremial empresarial, la Uni\u00f3n Industrial, para qu\u00e9 sirve\u201d <strong>lo present\u00f3 Longo<\/strong> en la sede de calle Coronel Su\u00e1rez.<\/p>\n<p>&nbsp;<\/p>\n<p>Por su lado, <strong>Corso destac\u00f3 que \u201ces un referente que es muy interesante que sea conocido en el \u00e1mbito local<\/strong>. Lo conocemos por sus productos, pero por ah\u00ed no conocemos sus acciones y la verdad es que tiene un protagonismo bastante vasto. Tiene participaci\u00f3n en la gremial empresaria muy marcada, mucha experiencia en ese \u00e1mbito y tambi\u00e9n es un emprendedor desde la familia y desde lo individual\u201d.<\/p>\n<p>&nbsp;<\/p>\n<p><img data-recalc-dims=\"1\" loading=\"lazy\" decoding=\"async\" class=\"size-full wp-image-30278 aligncenter\" src=\"https:\/\/i0.wp.com\/cdnoticias.com\/wp-content\/uploads\/2021\/08\/Union-Industrial-Juan-Fera-02.jpg?resize=800%2C445&#038;ssl=1\" alt=\"\" width=\"800\" height=\"445\" srcset=\"https:\/\/i0.wp.com\/cdnoticias.com\/wp-content\/uploads\/2021\/08\/Union-Industrial-Juan-Fera-02.jpg?w=800&amp;ssl=1 800w, https:\/\/i0.wp.com\/cdnoticias.com\/wp-content\/uploads\/2021\/08\/Union-Industrial-Juan-Fera-02.jpg?resize=300%2C167&amp;ssl=1 300w, https:\/\/i0.wp.com\/cdnoticias.com\/wp-content\/uploads\/2021\/08\/Union-Industrial-Juan-Fera-02.jpg?resize=768%2C427&amp;ssl=1 768w\" sizes=\"auto, (max-width: 800px) 100vw, 800px\" \/><\/p>\n<p>&nbsp;<\/p>\n<p>Fera, en tanto, repas\u00f3 que \u201ctodos nos conocimos por tel\u00e9fono, por Zoom, empezamos a a charlar cada vez un poco m\u00e1s y <strong>empezamos a encontrar puntos de contactos de qu\u00e9 queremos nosotros para la industria para el pa\u00eds<\/strong> para el desarrollo\u201d.<\/p>\n<p>&nbsp;<\/p>\n<blockquote><p>\u201cLo que buscamos es ver c\u00f3mo podemos implementar una agenda pyme dentro de lo que se viene\u201d plante\u00f3.<\/p><\/blockquote>\n<p>&nbsp;<\/p>\n<p>Tuvo en cuenta que \u201cla pandemia por suerte viene aflojando\u201d, con lo que consider\u00f3 que en este contexto, los empresarios deben exponer \u201cqu\u00e9 es lo que nosotros queremos, <strong>lo que pretendemos como industriales, como inversi\u00f3n que hacemos en nuestro pa\u00eds o en nuestra provincia<\/strong>\u201d.<\/p>\n<p>&nbsp;<\/p>\n<p>Si bien las empresas de Fera y su familia son del sector grandes, se\u00f1al\u00f3 que \u201csiempre recordamos lo que nos cost\u00f3 poder salir de ese espacio y poder crecer. Eso es lo que estamos haciendo b\u00e1sicamente: <strong>nos juntamos con industriales, contamos experiencias, los problemas que tuvimos, c\u00f3mo lo pudimos resolver<\/strong> y dar una mano para que el camino que a nosotros nos cost\u00f3 tanto se haga un poco m\u00e1s f\u00e1cil\u201d.<\/p>\n<p>&nbsp;<\/p>\n<p><img data-recalc-dims=\"1\" loading=\"lazy\" decoding=\"async\" class=\"size-full wp-image-30279 aligncenter\" src=\"https:\/\/i0.wp.com\/cdnoticias.com\/wp-content\/uploads\/2021\/08\/Union-Industrial-Juan-Fera-04.jpg?resize=800%2C445&#038;ssl=1\" alt=\"\" width=\"800\" height=\"445\" srcset=\"https:\/\/i0.wp.com\/cdnoticias.com\/wp-content\/uploads\/2021\/08\/Union-Industrial-Juan-Fera-04.jpg?w=800&amp;ssl=1 800w, https:\/\/i0.wp.com\/cdnoticias.com\/wp-content\/uploads\/2021\/08\/Union-Industrial-Juan-Fera-04.jpg?resize=300%2C167&amp;ssl=1 300w, https:\/\/i0.wp.com\/cdnoticias.com\/wp-content\/uploads\/2021\/08\/Union-Industrial-Juan-Fera-04.jpg?resize=768%2C427&amp;ssl=1 768w\" sizes=\"auto, (max-width: 800px) 100vw, 800px\" \/><\/p>\n<p>&nbsp;<\/p>\n<blockquote><p>\u201cLo que s\u00ed creemos es que si a nosotros nos va bien, al pa\u00eds le va bien, nos va bien a todos y ese es un poco el el camino que buscamos\u201d sentenci\u00f3 para agregar que adem\u00e1s de uniones industriales se contacta con c\u00e1maras comerciales.<\/p><\/blockquote>\n<p>&nbsp;<\/p>\n<p><strong>Agenda y di\u00e1logo<\/strong><\/p>\n<p>&nbsp;<\/p>\n<p>En referencia a su tarea en el \u00e1mbito bonaerense Fera manifest\u00f3 que \u201clo que estamos haciendo es querer marcar agenda. <strong>Hoy tenemos un buen di\u00e1logo con el Ministerio de Producci\u00f3n de la provincia<\/strong>\u201d.<\/p>\n<p>&nbsp;<\/p>\n<p>En ese marco, Juan Fera consider\u00f3 que \u201c<strong>todas las cosas que planteamos somos escuchados<\/strong>. <u>O<\/u>bviamente se pueden hacer algunas, otras nos explican porqu\u00e9 no y entendemos y acompa\u00f1amos\u201d.<\/p>\n<p>&nbsp;<\/p>\n<p><img data-recalc-dims=\"1\" loading=\"lazy\" decoding=\"async\" class=\"size-full wp-image-30280 aligncenter\" src=\"https:\/\/i0.wp.com\/cdnoticias.com\/wp-content\/uploads\/2021\/08\/Union-Industrial-Juan-Fera-08.jpg?resize=800%2C445&#038;ssl=1\" alt=\"\" width=\"800\" height=\"445\" srcset=\"https:\/\/i0.wp.com\/cdnoticias.com\/wp-content\/uploads\/2021\/08\/Union-Industrial-Juan-Fera-08.jpg?w=800&amp;ssl=1 800w, https:\/\/i0.wp.com\/cdnoticias.com\/wp-content\/uploads\/2021\/08\/Union-Industrial-Juan-Fera-08.jpg?resize=300%2C167&amp;ssl=1 300w, https:\/\/i0.wp.com\/cdnoticias.com\/wp-content\/uploads\/2021\/08\/Union-Industrial-Juan-Fera-08.jpg?resize=768%2C427&amp;ssl=1 768w\" sizes=\"auto, (max-width: 800px) 100vw, 800px\" \/><\/p>\n<p>&nbsp;<\/p>\n<blockquote><p>En referencia a la relaci\u00f3n con el Gobierno, el empresario se\u00f1al\u00f3 que \u201cestamos trabajando bien, hay un ida y vuelta muy interesante. <a href=\"https:\/\/cdnoticias.com\/index.php\/2021\/07\/08\/cesar-longo-se-reunio-con-el-gobernador-y-el-ministro-de-produccion-bonaerense\/\" target=\"_blank\" rel=\"noopener\">Estuvimos con C\u00e9sar (Longo) con el Gobernador<\/a>. Hay un esquema industrialista 100% y en eso nosotros somos felices, queremos ganar m\u00e1s plata vendiendo productos que en un plazo fijo\u201d.<\/p><\/blockquote>\n<p>&nbsp;<\/p>\n<p>En cuanto al di\u00e1logo con el gobierno provincial, apunt\u00f3 a que <strong>el objetivo es \u201cproponer, porque tenemos que ser los primeros que propongan los cambios, la forma, el camino\u201d<\/strong>.<\/p>\n","protected":false},"excerpt":{"rendered":"<p>El empresario y dirigente pyme bonaerense estuvo en la Uni\u00f3n Industrial de Olavarr\u00eda. Habl\u00f3 de los objetivos de los industriales<\/p>\n","protected":false},"author":4,"featured_media":30277,"comment_status":"closed","ping_status":"closed","sticky":false,"template":"","format":"standard","meta":{"_jetpack_memberships_contains_paid_content":false,"footnotes":""},"categories":[5,1],"tags":[],"class_list":["post-30267","post","type-post","status-publish","format-standard","has-post-thumbnail","hentry","category-informacion-general","category-portada"],"jetpack_featured_media_url":"https:\/\/i0.wp.com\/cdnoticias.com\/wp-content\/uploads\/2021\/08\/Union-Industrial-Juan-Fera-05.jpg?fit=800%2C445&ssl=1","jetpack_sharing_enabled":true,"_links":{"self":[{"href":"https:\/\/cdnoticias.com\/index.php\/wp-json\/wp\/v2\/posts\/30267","targetHints":{"allow":["GET"]}}],"collection":[{"href":"https:\/\/cdnoticias.com\/index.php\/wp-json\/wp\/v2\/posts"}],"about":[{"href":"https:\/\/cdnoticias.com\/index.php\/wp-json\/wp\/v2\/types\/post"}],"author":[{"embeddable":true,"href":"https:\/\/cdnoticias.com\/index.php\/wp-json\/wp\/v2\/users\/4"}],"replies":[{"embeddable":true,"href":"https:\/\/cdnoticias.com\/index.php\/wp-json\/wp\/v2\/comments?post=30267"}],"version-history":[{"count":0,"href":"https:\/\/cdnoticias.com\/index.php\/wp-json\/wp\/v2\/posts\/30267\/revisions"}],"wp:featuredmedia":[{"embeddable":true,"href":"https:\/\/cdnoticias.com\/index.php\/wp-json\/wp\/v2\/media\/30277"}],"wp:attachment":[{"href":"https:\/\/cdnoticias.com\/index.php\/wp-json\/wp\/v2\/media?parent=30267"}],"wp:term":[{"taxonomy":"category","embeddable":true,"href":"https:\/\/cdnoticias.com\/index.php\/wp-json\/wp\/v2\/categories?post=30267"},{"taxonomy":"post_tag","embeddable":true,"href":"https:\/\/cdnoticias.com\/index.php\/wp-json\/wp\/v2\/tags?post=30267"}],"curies":[{"name":"wp","href":"https:\/\/api.w.org\/{rel}","templated":true}]}}