{"id":30260,"date":"2021-08-20T16:10:40","date_gmt":"2021-08-20T19:10:40","guid":{"rendered":"http:\/\/www.centraldenoticias.com.ar\/?p=30260"},"modified":"2021-08-20T17:55:14","modified_gmt":"2021-08-20T20:55:14","slug":"la-visita-de-facundo-manes-a-olavarria-en-imagenes","status":"publish","type":"post","link":"https:\/\/cdnoticias.com\/index.php\/2021\/08\/20\/la-visita-de-facundo-manes-a-olavarria-en-imagenes\/","title":{"rendered":"La visita de Facundo Manes a Olavarr\u00eda en im\u00e1genes"},"content":{"rendered":"<p>El precandidato a diputado nacional de \u201cDar el Paso\u201d Facundo Manes estuvo en Olavarr\u00eda, con una agenda cargada de actividades. <strong>Galer\u00eda.\u00a0<\/strong><!--more--><\/p>\n<hr \/>\n<p>Este viernes, Facundo Manes, precandidato a diputado nacional de \u201cDar el Paso\u201d estuvo en nuestra ciudad y recorri\u00f3 Cementos Avellaneda, un restaurant c\u00e9ntrico, dialog\u00f3 con los medios y se mostr\u00f3 con vecinos en el Paseo Jes\u00fas Mend\u00eda.<\/p>\n<p>&nbsp;<\/p>\n<p>[soliloquy id=&#8221;30258&#8243;]<\/p>\n","protected":false},"excerpt":{"rendered":"<p>El precandidato a diputado nacional de \u201cDar el Paso\u201d Facundo Manes estuvo en Olavarr\u00eda, con una agenda cargada de actividades.<\/p>\n","protected":false},"author":5,"featured_media":30251,"comment_status":"closed","ping_status":"closed","sticky":false,"template":"","format":"standard","meta":{"_jetpack_memberships_contains_paid_content":false,"footnotes":""},"categories":[4,1],"tags":[],"class_list":["post-30260","post","type-post","status-publish","format-standard","has-post-thumbnail","hentry","category-politica","category-portada"],"jetpack_featured_media_url":"https:\/\/i0.wp.com\/cdnoticias.com\/wp-content\/uploads\/2021\/08\/manes.jpg?fit=800%2C445&ssl=1","jetpack_sharing_enabled":true,"_links":{"self":[{"href":"https:\/\/cdnoticias.com\/index.php\/wp-json\/wp\/v2\/posts\/30260","targetHints":{"allow":["GET"]}}],"collection":[{"href":"https:\/\/cdnoticias.com\/index.php\/wp-json\/wp\/v2\/posts"}],"about":[{"href":"https:\/\/cdnoticias.com\/index.php\/wp-json\/wp\/v2\/types\/post"}],"author":[{"embeddable":true,"href":"https:\/\/cdnoticias.com\/index.php\/wp-json\/wp\/v2\/users\/5"}],"replies":[{"embeddable":true,"href":"https:\/\/cdnoticias.com\/index.php\/wp-json\/wp\/v2\/comments?post=30260"}],"version-history":[{"count":0,"href":"https:\/\/cdnoticias.com\/index.php\/wp-json\/wp\/v2\/posts\/30260\/revisions"}],"wp:featuredmedia":[{"embeddable":true,"href":"https:\/\/cdnoticias.com\/index.php\/wp-json\/wp\/v2\/media\/30251"}],"wp:attachment":[{"href":"https:\/\/cdnoticias.com\/index.php\/wp-json\/wp\/v2\/media?parent=30260"}],"wp:term":[{"taxonomy":"category","embeddable":true,"href":"https:\/\/cdnoticias.com\/index.php\/wp-json\/wp\/v2\/categories?post=30260"},{"taxonomy":"post_tag","embeddable":true,"href":"https:\/\/cdnoticias.com\/index.php\/wp-json\/wp\/v2\/tags?post=30260"}],"curies":[{"name":"wp","href":"https:\/\/api.w.org\/{rel}","templated":true}]}}