{"id":3026,"date":"2020-10-02T16:22:57","date_gmt":"2020-10-02T19:22:57","guid":{"rendered":"http:\/\/www.centraldenoticias.com.ar\/?p=3026"},"modified":"2020-10-02T17:47:32","modified_gmt":"2020-10-02T20:47:32","slug":"otra-paciente-fallecio-este-viernes-y-el-numero-de-muertos-asciende-a-36","status":"publish","type":"post","link":"https:\/\/cdnoticias.com\/index.php\/2020\/10\/02\/otra-paciente-fallecio-este-viernes-y-el-numero-de-muertos-asciende-a-36\/","title":{"rendered":"Otra paciente falleci\u00f3 este viernes y el n\u00famero de muertos asciende a 36"},"content":{"rendered":"<p>&nbsp;<\/p>\n<p>El fallecimiento de la mujer fue informado este viernes por la tarde. Ten\u00eda 74 a\u00f1os y estaba internada en la Unidad de Terapia Intensiva del Hospital. Horas antes, se comunic\u00f3 el fallecimiento de un hombre de 62 a\u00f1os que estaba internado en una cl\u00ednica privada.<!--more--><\/p>\n<hr \/>\n<p>Al inicio de la tarde de este viernes, la secretar\u00eda de Salud del Gobierno Municipal inform\u00f3 el <strong>fallecimiento de una paciente que hab\u00eda resultado positivo para Covid-19.<\/strong><\/p>\n<p>&nbsp;<\/p>\n<p>Se trata de una <strong>mujer de 74 a\u00f1os que estaba internada en la Unidad de Terapia Intensiva<\/strong> del Hospital Municipal desde el pasado 28 de septiembre y presentaba varias comorbilidades previas.<\/p>\n<p>&nbsp;<\/p>\n<p>El intendente Ezequiel Galli y la Municipalidad de Olavarr\u00eda envi\u00f3 condolencias a los familiares y amigos de la persona fallecida.<\/p>\n<p>&nbsp;<\/p>\n<p>Durante la ma\u00f1ana, se comunic\u00f3 la muerte de un<a href=\"https:\/\/cdnoticias.com\/index.php\/2020\/10\/02\/este-viernes-fallecio-un-paciente-con-covid-19\/\" target=\"_blank\" rel=\"noopener\"> hombre de 62 a\u00f1os que estaba internado en una cl\u00ednica privad<\/a>a de nuestra ciudad desde el 1\u00ba de septiembre y presentaba varias comorbilidades previas.<\/p>\n<p>&nbsp;<\/p>\n<p>Con las dos muertes de esta jornada<strong> asciende a 36 el n\u00famero de personas que personas fallecidas con diagn\u00f3stico de Covid-19 en Olavarr\u00eda.<\/strong><\/p>\n","protected":false},"excerpt":{"rendered":"<p>&nbsp; El fallecimiento de la mujer fue informado este viernes por la tarde. Ten\u00eda 74 a\u00f1os y estaba internada en<\/p>\n","protected":false},"author":5,"featured_media":1001,"comment_status":"closed","ping_status":"closed","sticky":false,"template":"","format":"standard","meta":{"_jetpack_memberships_contains_paid_content":false,"footnotes":""},"categories":[5,1],"tags":[],"class_list":["post-3026","post","type-post","status-publish","format-standard","has-post-thumbnail","hentry","category-informacion-general","category-portada"],"jetpack_featured_media_url":"https:\/\/i0.wp.com\/cdnoticias.com\/wp-content\/uploads\/2020\/09\/HospitalMunicipal02.jpg?fit=4608%2C3072&ssl=1","jetpack_sharing_enabled":true,"_links":{"self":[{"href":"https:\/\/cdnoticias.com\/index.php\/wp-json\/wp\/v2\/posts\/3026","targetHints":{"allow":["GET"]}}],"collection":[{"href":"https:\/\/cdnoticias.com\/index.php\/wp-json\/wp\/v2\/posts"}],"about":[{"href":"https:\/\/cdnoticias.com\/index.php\/wp-json\/wp\/v2\/types\/post"}],"author":[{"embeddable":true,"href":"https:\/\/cdnoticias.com\/index.php\/wp-json\/wp\/v2\/users\/5"}],"replies":[{"embeddable":true,"href":"https:\/\/cdnoticias.com\/index.php\/wp-json\/wp\/v2\/comments?post=3026"}],"version-history":[{"count":0,"href":"https:\/\/cdnoticias.com\/index.php\/wp-json\/wp\/v2\/posts\/3026\/revisions"}],"wp:featuredmedia":[{"embeddable":true,"href":"https:\/\/cdnoticias.com\/index.php\/wp-json\/wp\/v2\/media\/1001"}],"wp:attachment":[{"href":"https:\/\/cdnoticias.com\/index.php\/wp-json\/wp\/v2\/media?parent=3026"}],"wp:term":[{"taxonomy":"category","embeddable":true,"href":"https:\/\/cdnoticias.com\/index.php\/wp-json\/wp\/v2\/categories?post=3026"},{"taxonomy":"post_tag","embeddable":true,"href":"https:\/\/cdnoticias.com\/index.php\/wp-json\/wp\/v2\/tags?post=3026"}],"curies":[{"name":"wp","href":"https:\/\/api.w.org\/{rel}","templated":true}]}}