{"id":30259,"date":"2021-08-20T16:00:56","date_gmt":"2021-08-20T19:00:56","guid":{"rendered":"http:\/\/www.centraldenoticias.com.ar\/?p=30259"},"modified":"2021-08-20T16:39:26","modified_gmt":"2021-08-20T19:39:26","slug":"sorteamos-una-entrada-para-ver-a-el-plan-de-la-mariposa-el-ganador-a","status":"publish","type":"post","link":"https:\/\/cdnoticias.com\/index.php\/2021\/08\/20\/sorteamos-una-entrada-para-ver-a-el-plan-de-la-mariposa-el-ganador-a\/","title":{"rendered":"Sorteamos una entrada para ver a El Plan de la Mariposa: el ganador\/a"},"content":{"rendered":"<p>El Plan de la Mariposa se presentar\u00e1 el pr\u00f3ximo 28 de agosto en el Teatro Municipal y Central de Noticias sorte\u00f3 una entrada. Enterate quien fue el ganador\/a.<\/p>\n<p><!--more--><\/p>\n<hr \/>\n<p><strong>El Plan de la Mariposa vuelve a Olavarr\u00eda<\/strong> para <strong>presentar su nuevo disco &#8220;Estado de enlace&#8221;.<\/strong> En esta ocasi\u00f3n <strong>realizar\u00e1n un show en el Teatro Municipal el pr\u00f3ximo 28 de agosto a las 20:00.<\/strong><\/p>\n<p>&nbsp;<\/p>\n<p><em><strong>Central de Noticias<\/strong> <\/em><strong>realiz\u00f3 un sorteo de una entrada<\/strong> para disfrutar del <strong>show de la banda de los hermanos necochenses.\u00a0<\/strong><\/p>\n<p>&nbsp;<\/p>\n<p><strong>En esta oportunidad, la ganadora fue Sof\u00eda Ar\u00e9valo. \u00a1Felicidades y gracias por participar!.<\/strong><\/p>\n<p>&nbsp;<\/p>\n","protected":false},"excerpt":{"rendered":"<p>El Plan de la Mariposa se presentar\u00e1 el pr\u00f3ximo 28 de agosto en el Teatro Municipal y Central de Noticias<\/p>\n","protected":false},"author":6,"featured_media":30262,"comment_status":"closed","ping_status":"closed","sticky":false,"template":"","format":"standard","meta":{"_jetpack_memberships_contains_paid_content":false,"footnotes":""},"categories":[9,1],"tags":[],"class_list":["post-30259","post","type-post","status-publish","format-standard","has-post-thumbnail","hentry","category-cultura","category-portada"],"jetpack_featured_media_url":"https:\/\/i0.wp.com\/cdnoticias.com\/wp-content\/uploads\/2021\/08\/79142f78-58a5-4748-8f4b-22db810fee1f.jpg?fit=1000%2C524&ssl=1","jetpack_sharing_enabled":true,"_links":{"self":[{"href":"https:\/\/cdnoticias.com\/index.php\/wp-json\/wp\/v2\/posts\/30259","targetHints":{"allow":["GET"]}}],"collection":[{"href":"https:\/\/cdnoticias.com\/index.php\/wp-json\/wp\/v2\/posts"}],"about":[{"href":"https:\/\/cdnoticias.com\/index.php\/wp-json\/wp\/v2\/types\/post"}],"author":[{"embeddable":true,"href":"https:\/\/cdnoticias.com\/index.php\/wp-json\/wp\/v2\/users\/6"}],"replies":[{"embeddable":true,"href":"https:\/\/cdnoticias.com\/index.php\/wp-json\/wp\/v2\/comments?post=30259"}],"version-history":[{"count":0,"href":"https:\/\/cdnoticias.com\/index.php\/wp-json\/wp\/v2\/posts\/30259\/revisions"}],"wp:featuredmedia":[{"embeddable":true,"href":"https:\/\/cdnoticias.com\/index.php\/wp-json\/wp\/v2\/media\/30262"}],"wp:attachment":[{"href":"https:\/\/cdnoticias.com\/index.php\/wp-json\/wp\/v2\/media?parent=30259"}],"wp:term":[{"taxonomy":"category","embeddable":true,"href":"https:\/\/cdnoticias.com\/index.php\/wp-json\/wp\/v2\/categories?post=30259"},{"taxonomy":"post_tag","embeddable":true,"href":"https:\/\/cdnoticias.com\/index.php\/wp-json\/wp\/v2\/tags?post=30259"}],"curies":[{"name":"wp","href":"https:\/\/api.w.org\/{rel}","templated":true}]}}