{"id":3023,"date":"2020-10-02T13:56:43","date_gmt":"2020-10-02T16:56:43","guid":{"rendered":"http:\/\/www.centraldenoticias.com.ar\/?p=3023"},"modified":"2020-10-02T13:56:43","modified_gmt":"2020-10-02T16:56:43","slug":"habra-oficina-local-de-la-comision-nacional-de-regulacion-de-transporte","status":"publish","type":"post","link":"https:\/\/cdnoticias.com\/index.php\/2020\/10\/02\/habra-oficina-local-de-la-comision-nacional-de-regulacion-de-transporte\/","title":{"rendered":"Habr\u00e1 oficina local de la Comisi\u00f3n Nacional de Regulaci\u00f3n de Transporte"},"content":{"rendered":"<p>As\u00ed fue confirmado en una visita del Director Ejecutivo de la CNRT con legisladores provinciales, locales, y el Secretario de Gobierno Hilario Galli. El Municipio ceder\u00e1 un espacio en la Terminal para instalar oficinas en Olavarr\u00eda.<!--more--><\/p>\n<hr \/>\n<p>En la ma\u00f1ana de este viernes, y en el marco de una reuni\u00f3n que tuvieron funcionarios locales, provinciales y nacionales,<strong> se confirm\u00f3 que habr\u00e1 una oficina local de la Comisi\u00f3n Nacional de Regulaci\u00f3n de Transporte (CNRT) en Olavarr\u00eda.<\/strong><\/p>\n<p>&nbsp;<\/p>\n<p><strong>Estar\u00e1 ubicada en la Terminal de \u00d3mnibus de avenida Pringles, en un espacio cedido por el Municipio<\/strong>. As\u00ed se ratific\u00f3 en un encuentro en el que particip\u00f3 el Secretario de Gobierno Municipal Hilario Galli junto al Director Ejecutivo de la CNRT Jos\u00e9 Arteaga.<\/p>\n<p>&nbsp;<\/p>\n<blockquote><p>Adem\u00e1s de Galli y Arteaga participaron del encuentro el Diputado Provincial C\u00e9sar Valicenti, el Subsecretario de Miner\u00eda de la provincia de Buenos Aires Federico Aguilera y los concejales Eduardo Rodr\u00edguez y Guillermo Santell\u00e1n.<\/p><\/blockquote>\n<p>&nbsp;<\/p>\n<p>Al respecto, Galli expres\u00f3 que <em>\u201ces una buena noticia para los vecinos de Olavarr\u00eda poder contar en poco tiempo con una dependencia de la CNRT que permitir\u00e1 consultar sobre distintas problem\u00e1ticas vinculadas al transporte\u201d.<\/em><\/p>\n<p>&nbsp;<\/p>\n<p><em>\u201cLa idea de la CNRT es descentralizar el trabajo que se est\u00e1 realizando y Olavarr\u00eda es estrat\u00e9gica por su ubicaci\u00f3n geogr\u00e1fica y su v\u00ednculo con la regi\u00f3n.<strong> El objetivo principal es estar abocado a los controles con un trabajo mancomunado entre la Naci\u00f3n, la Provincia y el Municipio<\/strong>\u201d<\/em>, agreg\u00f3 el funcionario municipal.<\/p>\n","protected":false},"excerpt":{"rendered":"<p>As\u00ed fue confirmado en una visita del Director Ejecutivo de la CNRT con legisladores provinciales, locales, y el Secretario de<\/p>\n","protected":false},"author":2,"featured_media":3024,"comment_status":"closed","ping_status":"closed","sticky":false,"template":"","format":"standard","meta":{"_jetpack_memberships_contains_paid_content":false,"footnotes":""},"categories":[5,1],"tags":[],"class_list":["post-3023","post","type-post","status-publish","format-standard","has-post-thumbnail","hentry","category-informacion-general","category-portada"],"jetpack_featured_media_url":"https:\/\/i0.wp.com\/cdnoticias.com\/wp-content\/uploads\/2020\/10\/cnrt.jpg?fit=1003%2C633&ssl=1","jetpack_sharing_enabled":true,"_links":{"self":[{"href":"https:\/\/cdnoticias.com\/index.php\/wp-json\/wp\/v2\/posts\/3023","targetHints":{"allow":["GET"]}}],"collection":[{"href":"https:\/\/cdnoticias.com\/index.php\/wp-json\/wp\/v2\/posts"}],"about":[{"href":"https:\/\/cdnoticias.com\/index.php\/wp-json\/wp\/v2\/types\/post"}],"author":[{"embeddable":true,"href":"https:\/\/cdnoticias.com\/index.php\/wp-json\/wp\/v2\/users\/2"}],"replies":[{"embeddable":true,"href":"https:\/\/cdnoticias.com\/index.php\/wp-json\/wp\/v2\/comments?post=3023"}],"version-history":[{"count":0,"href":"https:\/\/cdnoticias.com\/index.php\/wp-json\/wp\/v2\/posts\/3023\/revisions"}],"wp:featuredmedia":[{"embeddable":true,"href":"https:\/\/cdnoticias.com\/index.php\/wp-json\/wp\/v2\/media\/3024"}],"wp:attachment":[{"href":"https:\/\/cdnoticias.com\/index.php\/wp-json\/wp\/v2\/media?parent=3023"}],"wp:term":[{"taxonomy":"category","embeddable":true,"href":"https:\/\/cdnoticias.com\/index.php\/wp-json\/wp\/v2\/categories?post=3023"},{"taxonomy":"post_tag","embeddable":true,"href":"https:\/\/cdnoticias.com\/index.php\/wp-json\/wp\/v2\/tags?post=3023"}],"curies":[{"name":"wp","href":"https:\/\/api.w.org\/{rel}","templated":true}]}}