{"id":30219,"date":"2021-08-20T11:30:50","date_gmt":"2021-08-20T14:30:50","guid":{"rendered":"http:\/\/www.centraldenoticias.com.ar\/?p=30219"},"modified":"2021-08-20T13:08:07","modified_gmt":"2021-08-20T16:08:07","slug":"el-frente-de-todos-cuestiono-respuestas-agresivas-en-sus-carteles","status":"publish","type":"post","link":"https:\/\/cdnoticias.com\/index.php\/2021\/08\/20\/el-frente-de-todos-cuestiono-respuestas-agresivas-en-sus-carteles\/","title":{"rendered":"El Frente de Todos cuestion\u00f3 respuestas \u201cagresivas\u201d en sus carteles"},"content":{"rendered":"<p>Seg\u00fan expuso, se dio en el Parque Mitre donde dejaron \u201cpanfletos con frases agresivas\u201d. Pidieron \u201cuna campa\u00f1a limpia y respetuosa\u201d.<!--more--><\/p>\n<hr \/>\n<p><strong>El Frente de Todos de Olavarr\u00eda expuso que recibi\u00f3 respuestas \u201cagresivas\u201d en sus carteles con la promoci\u00f3n del precandidato Maximiliano Wesner<\/strong> colocados en el sector del Parque Mitre.<\/p>\n<p>&nbsp;<\/p>\n<blockquote><p>\u201cRecibimos la noticia de que debajo de cada cartel de nuestro candidato colocado en el parque pegaron panfletos con frases agresivas, que ensucian la campa\u00f1a y que nada tienen que ver con las buenas pr\u00e1cticas que deben existir entre los diferentes espacios pol\u00edticos en democracia\u201d se inform\u00f3 a trav\u00e9s de las redes donde adem\u00e1s se mostraron im\u00e1genes con los panfletos.<\/p><\/blockquote>\n<p>&nbsp;<\/p>\n<p>Algunos de estos carteles llevan la firma de<strong> \u201cEquipo republicano Olavarr\u00eda\u201d<\/strong>.<\/p>\n<p>&nbsp;<\/p>\n<blockquote class=\"twitter-tweet\">\n<p dir=\"ltr\" lang=\"es\">Recibimos la noticia de que debajo de cada cartel de nuestro candidato colocado en el parque pegaron panfletos con frases agresivas, que ensucian la campa\u00f1a y que nada tienen que ver con las buenas pr\u00e1cticas que deben existir entre los diferentes espacios pol\u00edticos en democracia <a href=\"https:\/\/t.co\/cEjtyBGpxd\">pic.twitter.com\/cEjtyBGpxd<\/a><\/p>\n<p>\u2014 FrenteDeTodosOlavarria (@TodosOlavarria) <a href=\"https:\/\/twitter.com\/TodosOlavarria\/status\/1428519488404721675?ref_src=twsrc%5Etfw\">August 20, 2021<\/a><\/p><\/blockquote>\n<p><script async src=\"https:\/\/platform.twitter.com\/widgets.js\" charset=\"utf-8\"><\/script><\/p>\n<p>Desde el Frente de Todos se pidi\u00f3 <strong>\u201cresponsabilidad desde todos los espacios de plantear una campa\u00f1a limpia y respetuosa\u201d<\/strong>.<\/p>\n<p>&nbsp;<\/p>\n<p>Cabe se\u00f1alar que, por otro lado, <strong>desde \u201cDar el Paso\u201d en La Plata, el sector pol\u00edtico de Juntos que encabeza el precandidato Facundo Manes se denunci\u00f3 la destrucci\u00f3n de m\u00e1s de cien carteles<\/strong>.<\/p>\n<p>&nbsp;<\/p>\n<p>\u201cNo se puede permitir esta campa\u00f1a sucia. No nos vamos a quedar callados\u201d, indicaron desde el espacio en un comunicado al tiempo que se indic\u00f3 que <strong>se eval\u00faa realizar una denuncia por delito electoral<\/strong>.<\/p>\n","protected":false},"excerpt":{"rendered":"<p>Seg\u00fan expuso, se dio en el Parque Mitre donde dejaron \u201cpanfletos con frases agresivas\u201d. Pidieron \u201cuna campa\u00f1a limpia y respetuosa\u201d.<\/p>\n","protected":false},"author":4,"featured_media":30220,"comment_status":"closed","ping_status":"closed","sticky":false,"template":"","format":"standard","meta":{"_jetpack_memberships_contains_paid_content":false,"footnotes":""},"categories":[4,1],"tags":[],"class_list":["post-30219","post","type-post","status-publish","format-standard","has-post-thumbnail","hentry","category-politica","category-portada"],"jetpack_featured_media_url":"https:\/\/i0.wp.com\/cdnoticias.com\/wp-content\/uploads\/2021\/08\/frente-de-todos-carteles.jpg?fit=800%2C445&ssl=1","jetpack_sharing_enabled":true,"_links":{"self":[{"href":"https:\/\/cdnoticias.com\/index.php\/wp-json\/wp\/v2\/posts\/30219","targetHints":{"allow":["GET"]}}],"collection":[{"href":"https:\/\/cdnoticias.com\/index.php\/wp-json\/wp\/v2\/posts"}],"about":[{"href":"https:\/\/cdnoticias.com\/index.php\/wp-json\/wp\/v2\/types\/post"}],"author":[{"embeddable":true,"href":"https:\/\/cdnoticias.com\/index.php\/wp-json\/wp\/v2\/users\/4"}],"replies":[{"embeddable":true,"href":"https:\/\/cdnoticias.com\/index.php\/wp-json\/wp\/v2\/comments?post=30219"}],"version-history":[{"count":0,"href":"https:\/\/cdnoticias.com\/index.php\/wp-json\/wp\/v2\/posts\/30219\/revisions"}],"wp:featuredmedia":[{"embeddable":true,"href":"https:\/\/cdnoticias.com\/index.php\/wp-json\/wp\/v2\/media\/30220"}],"wp:attachment":[{"href":"https:\/\/cdnoticias.com\/index.php\/wp-json\/wp\/v2\/media?parent=30219"}],"wp:term":[{"taxonomy":"category","embeddable":true,"href":"https:\/\/cdnoticias.com\/index.php\/wp-json\/wp\/v2\/categories?post=30219"},{"taxonomy":"post_tag","embeddable":true,"href":"https:\/\/cdnoticias.com\/index.php\/wp-json\/wp\/v2\/tags?post=30219"}],"curies":[{"name":"wp","href":"https:\/\/api.w.org\/{rel}","templated":true}]}}