{"id":30213,"date":"2021-08-20T10:57:58","date_gmt":"2021-08-20T13:57:58","guid":{"rendered":"http:\/\/www.centraldenoticias.com.ar\/?p=30213"},"modified":"2021-08-20T10:57:58","modified_gmt":"2021-08-20T13:57:58","slug":"el-pase-libre-multimodal-se-puede-tramitar-en-formato-digital","status":"publish","type":"post","link":"https:\/\/cdnoticias.com\/index.php\/2021\/08\/20\/el-pase-libre-multimodal-se-puede-tramitar-en-formato-digital\/","title":{"rendered":"El Pase Libre Multimodal se puede tramitar en formato digital"},"content":{"rendered":"<p>Est\u00e1 disponible en la aplicaci\u00f3n \u201cMi Argentina\u201d. Facilita el acceso libre y gratuito al transporte p\u00fablico en el \u00e1mbito de la Provincia de Buenos Aires.<!--more--><\/p>\n<hr \/>\n<p>El Municipio de Olavarr\u00eda, a trav\u00e9s del Programa de Promoci\u00f3n de Derechos para Personas con Discapacidad y Personas Mayores, inform\u00f3 que <strong>se encuentra disponible la posibilidad de tramitar la constancia digital del Pase Libre de Transporte Multimodal a trav\u00e9s de la aplicaci\u00f3n \u201cMi Argentina\u201d<\/strong>.<\/p>\n<p>&nbsp;<\/p>\n<blockquote><p>\u201cCon esta innovaci\u00f3n, las personas con discapacidad que gozan del derecho al acceso libre y gratuito al transporte p\u00fablico terrestre y fluvial en el \u00e1mbito de la Provincia de Buenos Aires podr\u00e1n tramitar de manera virtual la credencial de este documento, y seguir gozando de los mismos derechos que habilita el Pase Libre en su formato tradicional\u201d se destac\u00f3 desde la Municipalidad.<\/p><\/blockquote>\n<p>&nbsp;<\/p>\n<p>Seg\u00fan se ampli\u00f3, <strong>exhibir la constancia digital a trav\u00e9s de la aplicaci\u00f3n \u00a8Mi Argentina\u201d, en los dispositivos m\u00f3viles, tiene la misma validez que la versi\u00f3n tarjeta del Pase<\/strong>, ya que cuenta con la misma informaci\u00f3n, y la actualizaci\u00f3n de datos es inmediata por estar enlazada al sistema permanentemente.<\/p>\n<p>&nbsp;<\/p>\n<figure id=\"attachment_30215\" aria-describedby=\"caption-attachment-30215\" style=\"width: 800px\" class=\"wp-caption aligncenter\"><img data-recalc-dims=\"1\" loading=\"lazy\" decoding=\"async\" class=\"wp-image-30215 size-large\" src=\"https:\/\/i0.wp.com\/cdnoticias.com\/wp-content\/uploads\/2021\/08\/Casa-Bicentenario-1024x683-1024x683.jpg?resize=800%2C534&#038;ssl=1\" alt=\"\" width=\"800\" height=\"534\" srcset=\"https:\/\/i0.wp.com\/cdnoticias.com\/wp-content\/uploads\/2021\/08\/Casa-Bicentenario-1024x683.jpg?resize=1024%2C683&amp;ssl=1 1024w, https:\/\/i0.wp.com\/cdnoticias.com\/wp-content\/uploads\/2021\/08\/Casa-Bicentenario-1024x683.jpg?resize=300%2C200&amp;ssl=1 300w, https:\/\/i0.wp.com\/cdnoticias.com\/wp-content\/uploads\/2021\/08\/Casa-Bicentenario-1024x683.jpg?resize=768%2C512&amp;ssl=1 768w, https:\/\/i0.wp.com\/cdnoticias.com\/wp-content\/uploads\/2021\/08\/Casa-Bicentenario-1024x683.jpg?resize=272%2C182&amp;ssl=1 272w\" sizes=\"auto, (max-width: 800px) 100vw, 800px\" \/><figcaption id=\"caption-attachment-30215\" class=\"wp-caption-text\">El Programa de Promoci\u00f3n de Derechos para Personas con Discapacidad y Personas Mayores funciona moment\u00e1neamente en la Casa del Bicentenario.<\/figcaption><\/figure>\n<p>&nbsp;<\/p>\n<p>La credencial podr\u00e1 ser utilizada por personas adultas, y ni\u00f1os y ni\u00f1as, a partir de los 13 a\u00f1os de edad. \u201cEsto garantiza el<strong> pleno goce de los derechos legalmente reconocidos por la normativa vigente de la Subsecretar\u00eda de Transporte provincial<\/strong>, a trav\u00e9s de la utilizaci\u00f3n del formato tarjeta\u201d se indic\u00f3 desde el Programa municipal.<\/p>\n<p>&nbsp;<\/p>\n<blockquote><p>Adem\u00e1s se indic\u00f3 que \u201ca nivel local, su utilizaci\u00f3n es clave para el desarrollo de actividades de la rutina diaria de las familias de nuestro Partido, porque incluye las l\u00edneas de micros internos e interurbanos que unen las localidades serranas -adem\u00e1s del servicio de transporte p\u00fablico terrestre y fluvial provincial\u201d.<\/p><\/blockquote>\n<p>&nbsp;<\/p>\n<p>Por consultas e inquietudes, comunicarse de lunes a viernes de 8 a 13 horas, al tel\u00e9fono provisorio del Programa de Promoci\u00f3n de Derechos para Personas con Discapacidad y Personas Mayores: 418454, o dirigirse a las oficinas del organismo, que moment\u00e1neamente funcionan en instalaciones de la Casa del Bicentenario, ubicada en Bol\u00edvar y Cerrito.<\/p>\n","protected":false},"excerpt":{"rendered":"<p>Est\u00e1 disponible en la aplicaci\u00f3n \u201cMi Argentina\u201d. Facilita el acceso libre y gratuito al transporte p\u00fablico en el \u00e1mbito de<\/p>\n","protected":false},"author":4,"featured_media":30216,"comment_status":"closed","ping_status":"closed","sticky":false,"template":"","format":"standard","meta":{"_jetpack_memberships_contains_paid_content":false,"footnotes":""},"categories":[5,1],"tags":[],"class_list":["post-30213","post","type-post","status-publish","format-standard","has-post-thumbnail","hentry","category-informacion-general","category-portada"],"jetpack_featured_media_url":"https:\/\/i0.wp.com\/cdnoticias.com\/wp-content\/uploads\/2021\/08\/app-mi-argentina.jpg?fit=800%2C445&ssl=1","jetpack_sharing_enabled":true,"_links":{"self":[{"href":"https:\/\/cdnoticias.com\/index.php\/wp-json\/wp\/v2\/posts\/30213","targetHints":{"allow":["GET"]}}],"collection":[{"href":"https:\/\/cdnoticias.com\/index.php\/wp-json\/wp\/v2\/posts"}],"about":[{"href":"https:\/\/cdnoticias.com\/index.php\/wp-json\/wp\/v2\/types\/post"}],"author":[{"embeddable":true,"href":"https:\/\/cdnoticias.com\/index.php\/wp-json\/wp\/v2\/users\/4"}],"replies":[{"embeddable":true,"href":"https:\/\/cdnoticias.com\/index.php\/wp-json\/wp\/v2\/comments?post=30213"}],"version-history":[{"count":0,"href":"https:\/\/cdnoticias.com\/index.php\/wp-json\/wp\/v2\/posts\/30213\/revisions"}],"wp:featuredmedia":[{"embeddable":true,"href":"https:\/\/cdnoticias.com\/index.php\/wp-json\/wp\/v2\/media\/30216"}],"wp:attachment":[{"href":"https:\/\/cdnoticias.com\/index.php\/wp-json\/wp\/v2\/media?parent=30213"}],"wp:term":[{"taxonomy":"category","embeddable":true,"href":"https:\/\/cdnoticias.com\/index.php\/wp-json\/wp\/v2\/categories?post=30213"},{"taxonomy":"post_tag","embeddable":true,"href":"https:\/\/cdnoticias.com\/index.php\/wp-json\/wp\/v2\/tags?post=30213"}],"curies":[{"name":"wp","href":"https:\/\/api.w.org\/{rel}","templated":true}]}}