{"id":3021,"date":"2020-10-02T13:19:12","date_gmt":"2020-10-02T16:19:12","guid":{"rendered":"http:\/\/www.centraldenoticias.com.ar\/?p=3021"},"modified":"2020-10-02T13:19:12","modified_gmt":"2020-10-02T16:19:12","slug":"las-elecciones-de-la-ucr-pasaron-al-21-de-marzo","status":"publish","type":"post","link":"https:\/\/cdnoticias.com\/index.php\/2020\/10\/02\/las-elecciones-de-la-ucr-pasaron-al-21-de-marzo\/","title":{"rendered":"Las elecciones de la UCR pasaron al 21 de marzo"},"content":{"rendered":"<p>La decisi\u00f3n se tom\u00f3 en el plenario del partido donde adem\u00e1s se extendi\u00f3 el mandato de todas las autoridades. Francisco \u201cPancho\u201d Gonz\u00e1lez continuar\u00e1 con presidente de la UCR Olavarr\u00eda hasta el a\u00f1o pr\u00f3ximo.<!--more--><\/p>\n<hr \/>\n<p><strong>El plenario de la UCR bonaerense reprogram\u00f3 las elecciones internas: se fij\u00f3 fecha para el 21 de marzo de 2021<\/strong> cuando, nuevamente, se analizar\u00e1 el contexto sanitario para llevar adelante el acto.<\/p>\n<p>El mi\u00e9rcoles tuvo lugar el plenario y, con esto, <a href=\"https:\/\/cdnoticias.com\/index.php\/2020\/09\/12\/ucr-cominotto-en-una-lista-provincial-y-cierre-local-con-tres-listas\/\" target=\"_blank\" rel=\"noopener\">se dej\u00f3 de lado definitivamente la fecha del 11 de octubre<\/a>, inicialmente dispuesta para las elecciones de autoridades provinciales y distritales del partido.<\/p>\n<p>En la reuni\u00f3n tambi\u00e9n se defini\u00f3 prorrogar los mandatos de las autoridades cada comit\u00e9. As\u00ed, Francisco \u201cPancho\u201d Gonz\u00e1lez continuar\u00e1 como presidente de la UCR Olavarr\u00eda hasta el a\u00f1o pr\u00f3ximo.<\/p>\n<p>Tambi\u00e9n se defini\u00f3 en el plenario<strong> la creaci\u00f3n de una \u201cmesa de acci\u00f3n pol\u00edtica\u201d<\/strong> bonaerense con paridad de g\u00e9nero e igualdad de miembros de cada lista de candidatos. Adem\u00e1s,<strong> se acord\u00f3 conformar un \u201cgrupo representativo\u201d para participar de las reuniones de Cambiemos \/ Juntos por el Cambio<\/strong> en el que la agrupaci\u00f3n opositora, Evoluci\u00f3n Radical, se incorpor\u00f3 como minor\u00eda.<\/p>\n<p><strong>Los candidatos<\/strong><\/p>\n<p>Cabe recordar que <strong>en la competencia por el Comit\u00e9 Provincia, se anotaron dos listas<\/strong> de candidatos para reemplazar a Daniel Salvador en la conducci\u00f3n.<\/p>\n<p>Por el oficialismo se present\u00f3 la lista encabezada por el diputado provincial <strong>Maximiliano Abad.<\/strong> Por la oposici\u00f3n, encabeza <strong>Gustavo Posse<\/strong> (intendente de San Isidro) y cuenta con el apoyo de Mart\u00edn Lousteau. En esta lista va el olavarriense Franco Cominotto con una postulaci\u00f3n a la secretar\u00eda general.<\/p>\n<p>En el plano local, <strong>para la conducci\u00f3n del Comit\u00e9 Olavarr\u00eda de la UCR, se registraron tres listas inscriptas<\/strong>. Uno de los candidatos es <strong>Gonzalo Dolagaray<\/strong> en l\u00ednea con Posse-Cominotto y el aval de Francisco Gonz\u00e1lez y del concejal Mart\u00edn Lastape.<\/p>\n<p>El segundo candidato es <strong>Rub\u00e9n Lanceta<\/strong> tambi\u00e9n en apoyo al sector de Lousteau. Y por \u00faltimo, <strong>Franco Illescas<\/strong> en la l\u00ednea del oficialismo provincial y con el apoyo local de la concejal Celeste Arouxet.<\/p>\n","protected":false},"excerpt":{"rendered":"<p>La decisi\u00f3n se tom\u00f3 en el plenario del partido donde adem\u00e1s se extendi\u00f3 el mandato de todas las autoridades. Francisco<\/p>\n","protected":false},"author":4,"featured_media":1675,"comment_status":"closed","ping_status":"closed","sticky":false,"template":"","format":"standard","meta":{"_jetpack_memberships_contains_paid_content":false,"footnotes":""},"categories":[4,1],"tags":[],"class_list":["post-3021","post","type-post","status-publish","format-standard","has-post-thumbnail","hentry","category-politica","category-portada"],"jetpack_featured_media_url":"https:\/\/i0.wp.com\/cdnoticias.com\/wp-content\/uploads\/2020\/09\/ucr1.jpg?fit=512%2C341&ssl=1","jetpack_sharing_enabled":true,"_links":{"self":[{"href":"https:\/\/cdnoticias.com\/index.php\/wp-json\/wp\/v2\/posts\/3021","targetHints":{"allow":["GET"]}}],"collection":[{"href":"https:\/\/cdnoticias.com\/index.php\/wp-json\/wp\/v2\/posts"}],"about":[{"href":"https:\/\/cdnoticias.com\/index.php\/wp-json\/wp\/v2\/types\/post"}],"author":[{"embeddable":true,"href":"https:\/\/cdnoticias.com\/index.php\/wp-json\/wp\/v2\/users\/4"}],"replies":[{"embeddable":true,"href":"https:\/\/cdnoticias.com\/index.php\/wp-json\/wp\/v2\/comments?post=3021"}],"version-history":[{"count":0,"href":"https:\/\/cdnoticias.com\/index.php\/wp-json\/wp\/v2\/posts\/3021\/revisions"}],"wp:featuredmedia":[{"embeddable":true,"href":"https:\/\/cdnoticias.com\/index.php\/wp-json\/wp\/v2\/media\/1675"}],"wp:attachment":[{"href":"https:\/\/cdnoticias.com\/index.php\/wp-json\/wp\/v2\/media?parent=3021"}],"wp:term":[{"taxonomy":"category","embeddable":true,"href":"https:\/\/cdnoticias.com\/index.php\/wp-json\/wp\/v2\/categories?post=3021"},{"taxonomy":"post_tag","embeddable":true,"href":"https:\/\/cdnoticias.com\/index.php\/wp-json\/wp\/v2\/tags?post=3021"}],"curies":[{"name":"wp","href":"https:\/\/api.w.org\/{rel}","templated":true}]}}