{"id":30206,"date":"2021-08-20T10:06:35","date_gmt":"2021-08-20T13:06:35","guid":{"rendered":"http:\/\/www.centraldenoticias.com.ar\/?p=30206"},"modified":"2021-08-20T10:06:35","modified_gmt":"2021-08-20T13:06:35","slug":"azul-dos-policias-asistieron-a-una-mujer-durante-un-parto-en-su-casa","status":"publish","type":"post","link":"https:\/\/cdnoticias.com\/index.php\/2021\/08\/20\/azul-dos-policias-asistieron-a-una-mujer-durante-un-parto-en-su-casa\/","title":{"rendered":"Azul: dos polic\u00edas asistieron a una mujer durante un parto en su casa"},"content":{"rendered":"<p>Fue en la jornada del jueves. Por la urgencia de la situaci\u00f3n, asistieron a la mujer en el nacimiento de Jerem\u00edas, que fueron trasladados al Hospital de Ni\u00f1os.\u00a0<!--more--><\/p>\n<hr \/>\n<p>En la jornada del jueves, un llamativo y solidario hecho se produjo en la ciudad de Azul:<strong> dos polic\u00edas asistieron a una mujer que estaba dando a luz en su casa. Afortunadamente, tanto ella como el beb\u00e9 fueron trasladados a un Hospital en buenas condiciones de salud.<\/strong><\/p>\n<p>&nbsp;<\/p>\n<p>Seg\u00fan se logr\u00f3 saber, el hecho se produjo en un domicilio de Maip\u00fa al 1000 de la vecina ciudad, cuando dos polic\u00edas acudieron al llamado de emergencias. Al llegar all\u00ed,<strong> se encontraron con una mujer de 30 a\u00f1os en trabajo de parto aunque la fecha de nacimiento estaba estipulada para el 12 de septiembre.<\/strong><\/p>\n<p>&nbsp;<\/p>\n<blockquote><p>La mujer, acompa\u00f1ada por un amiga, se encontraba en el ba\u00f1o y se decidi\u00f3 trasladar a la cama mientras se esperaba una ambulancia de urgencia para trasladarla al Hospital y as\u00ed poder dar a luz.<\/p><\/blockquote>\n<p>&nbsp;<\/p>\n<p>Pero ya la situaci\u00f3n era l\u00edmite: <strong>el subteniente Cristian Flamengo y el Oficial de Polic\u00eda Facundo Aguilera intervinieron en el nacimiento del beb\u00e9 Jerem\u00edas, en la cama de la casa de esta mujer de 30 a\u00f1os.<\/strong> Minutos m\u00e1s tarde lleg\u00f3 la ambulancia y mientras eran trasladados al Hospital de Ni\u00f1os de Azul, cortaron el cord\u00f3n umbilical.<\/p>\n<p>&nbsp;<\/p>\n<p><strong>Si bien tanto la mam\u00e1 como el beb\u00e9 quedaron en observaci\u00f3n, se indic\u00f3 que se encontraban en \u201cperfecto estado de salud\u201d.<\/strong> Tal es as\u00ed, que horas despu\u00e9s los polic\u00edas fueron a visitar tanto a la mam\u00e1 como a Jerem\u00edas, que naci\u00f3 en su casa en Azul.<\/p>\n","protected":false},"excerpt":{"rendered":"<p>Fue en la jornada del jueves. Por la urgencia de la situaci\u00f3n, asistieron a la mujer en el nacimiento de<\/p>\n","protected":false},"author":2,"featured_media":30207,"comment_status":"closed","ping_status":"closed","sticky":false,"template":"","format":"standard","meta":{"_jetpack_memberships_contains_paid_content":false,"footnotes":""},"categories":[6,1],"tags":[],"class_list":["post-30206","post","type-post","status-publish","format-standard","has-post-thumbnail","hentry","category-nacionales","category-portada"],"jetpack_featured_media_url":"https:\/\/i0.wp.com\/cdnoticias.com\/wp-content\/uploads\/2021\/08\/WhatsApp-Image-2021-08-20-at-08.56.50.jpeg?fit=1040%2C780&ssl=1","jetpack_sharing_enabled":true,"_links":{"self":[{"href":"https:\/\/cdnoticias.com\/index.php\/wp-json\/wp\/v2\/posts\/30206","targetHints":{"allow":["GET"]}}],"collection":[{"href":"https:\/\/cdnoticias.com\/index.php\/wp-json\/wp\/v2\/posts"}],"about":[{"href":"https:\/\/cdnoticias.com\/index.php\/wp-json\/wp\/v2\/types\/post"}],"author":[{"embeddable":true,"href":"https:\/\/cdnoticias.com\/index.php\/wp-json\/wp\/v2\/users\/2"}],"replies":[{"embeddable":true,"href":"https:\/\/cdnoticias.com\/index.php\/wp-json\/wp\/v2\/comments?post=30206"}],"version-history":[{"count":0,"href":"https:\/\/cdnoticias.com\/index.php\/wp-json\/wp\/v2\/posts\/30206\/revisions"}],"wp:featuredmedia":[{"embeddable":true,"href":"https:\/\/cdnoticias.com\/index.php\/wp-json\/wp\/v2\/media\/30207"}],"wp:attachment":[{"href":"https:\/\/cdnoticias.com\/index.php\/wp-json\/wp\/v2\/media?parent=30206"}],"wp:term":[{"taxonomy":"category","embeddable":true,"href":"https:\/\/cdnoticias.com\/index.php\/wp-json\/wp\/v2\/categories?post=30206"},{"taxonomy":"post_tag","embeddable":true,"href":"https:\/\/cdnoticias.com\/index.php\/wp-json\/wp\/v2\/tags?post=30206"}],"curies":[{"name":"wp","href":"https:\/\/api.w.org\/{rel}","templated":true}]}}