{"id":30202,"date":"2021-08-20T09:06:49","date_gmt":"2021-08-20T12:06:49","guid":{"rendered":"http:\/\/www.centraldenoticias.com.ar\/?p=30202"},"modified":"2021-08-20T11:31:11","modified_gmt":"2021-08-20T14:31:11","slug":"allanamiento-por-grooming-en-villa-aurora","status":"publish","type":"post","link":"https:\/\/cdnoticias.com\/index.php\/2021\/08\/20\/allanamiento-por-grooming-en-villa-aurora\/","title":{"rendered":"Allanamiento por \u201cgrooming\u201d en Villa Aurora"},"content":{"rendered":"<p>La investigaci\u00f3n se inici\u00f3 hace un a\u00f1o y deriv\u00f3 en la acusaci\u00f3n contra un olavarrienses en cuya vivienda fueron secuestrados un tel\u00e9fono y otros dispositivos electr\u00f3nicos. Interviene la UFI N\u00b0 22.<!--more--><\/p>\n<hr \/>\n<p>En la tarde del jueves se concret\u00f3 <strong>un allanamiento en el barrio Villa Aurora de nuestra ciudad<\/strong> en el marco de una <strong>investigaci\u00f3n penal por un caso de grooming<\/strong> y se logr\u00f3 el secuestro de diversos elementos.<\/p>\n<p>&nbsp;<\/p>\n<p>Tuvo lugar en calle<strong> Los Gladiolos entre Los tulipanes y autopista Fortabat<\/strong> donde se presentaron efectivos de la SubDDI Olavarr\u00eda. <strong>Fue secuestrado un tel\u00e9fono celular propiedad del acusado, un hombre de 34 a\u00f1os<\/strong>, quien se domicilia en la vivienda allanada.<\/p>\n<p>&nbsp;<\/p>\n<blockquote><p>Adem\u00e1s, fueron incautados varios dispositivos de almacenamiento de im\u00e1genes, \u201celementos de gran aporte\u201d para la investigaci\u00f3n penal, seg\u00fan se detall\u00f3.<\/p><\/blockquote>\n<p>&nbsp;<\/p>\n<p>Estos art\u00edculos <strong>ser\u00e1n sometidos a pericias<\/strong> para determinar su relaci\u00f3n con la causa judicial.<\/p>\n<p>&nbsp;<\/p>\n<p><img data-recalc-dims=\"1\" loading=\"lazy\" decoding=\"async\" class=\"size-full wp-image-30204 aligncenter\" src=\"https:\/\/i0.wp.com\/cdnoticias.com\/wp-content\/uploads\/2021\/08\/allanamiento-los-gladiolos-grooming-01.jpg?resize=500%2C667&#038;ssl=1\" alt=\"\" width=\"500\" height=\"667\" srcset=\"https:\/\/i0.wp.com\/cdnoticias.com\/wp-content\/uploads\/2021\/08\/allanamiento-los-gladiolos-grooming-01.jpg?w=500&amp;ssl=1 500w, https:\/\/i0.wp.com\/cdnoticias.com\/wp-content\/uploads\/2021\/08\/allanamiento-los-gladiolos-grooming-01.jpg?resize=225%2C300&amp;ssl=1 225w\" sizes=\"auto, (max-width: 500px) 100vw, 500px\" \/><\/p>\n<p>&nbsp;<\/p>\n<p><strong>La investigaci\u00f3n que deriv\u00f3 en el procedimiento se inici\u00f3 en agosto de 2020 a cargo de la UFI N\u00b0 22<\/strong> que encabeza el fiscal Lucas Moyano.<\/p>\n<p>&nbsp;<\/p>\n<blockquote><p>En ese momento se recibi\u00f3 una denuncia presentada por una mujer quien expuso que su hija menor de edad recib\u00eda \u201cabundantes mensajes a su tel\u00e9fono celular v\u00eda Whatsapp\u201d por parte de un hombre \u201clos cuales contienen connotaci\u00f3n sexual\u201d.<\/p><\/blockquote>\n<p>&nbsp;<\/p>\n<p>Las averiguaciones estuvieron a cargo de la DDI Azul y el an\u00e1lisis de las comunicaciones por parte del Gabinete de Medios Tecnol\u00f3gicos.<\/p>\n<p>&nbsp;<\/p>\n<p>De esta manera, <strong>se logr\u00f3 establecer la identidad del acusado y su domicilio en nuestra ciudad<\/strong>. La UFI 22 solicit\u00f3 la orden de allanamiento y requisa, la cual fue otorgada cerca del mediod\u00eda del jueves por el Juzgado de Garant\u00edas N\u00b0 2 a cargo del juez Carlos Villamar\u00edn.<\/p>\n<p>&nbsp;<\/p>\n<p>Para el delito de grooming, encuadrado en el art\u00edculo 131 del C\u00f3digo Penal,<strong> se establecen penas de prisi\u00f3n de seis meses a cuatro a\u00f1os<\/strong>. Sanciona a quien \u201cpor medio de comunicaciones electr\u00f3nicas, telecomunicaciones o cualquier otra tecnolog\u00eda de transmisi\u00f3n de datos, contactare a una persona menor de edad, con el prop\u00f3sito de cometer cualquier delito contra la integridad sexual de la misma\u201d.<\/p>\n","protected":false},"excerpt":{"rendered":"<p>La investigaci\u00f3n se inici\u00f3 hace un a\u00f1o y deriv\u00f3 en la acusaci\u00f3n contra un olavarrienses en cuya vivienda fueron secuestrados<\/p>\n","protected":false},"author":4,"featured_media":30203,"comment_status":"closed","ping_status":"closed","sticky":false,"template":"","format":"standard","meta":{"_jetpack_memberships_contains_paid_content":false,"footnotes":""},"categories":[14,1],"tags":[],"class_list":["post-30202","post","type-post","status-publish","format-standard","has-post-thumbnail","hentry","category-policiales","category-portada"],"jetpack_featured_media_url":"https:\/\/i0.wp.com\/cdnoticias.com\/wp-content\/uploads\/2021\/08\/allanamiento-los-gladiolos-grooming-00.jpg?fit=800%2C445&ssl=1","jetpack_sharing_enabled":true,"_links":{"self":[{"href":"https:\/\/cdnoticias.com\/index.php\/wp-json\/wp\/v2\/posts\/30202","targetHints":{"allow":["GET"]}}],"collection":[{"href":"https:\/\/cdnoticias.com\/index.php\/wp-json\/wp\/v2\/posts"}],"about":[{"href":"https:\/\/cdnoticias.com\/index.php\/wp-json\/wp\/v2\/types\/post"}],"author":[{"embeddable":true,"href":"https:\/\/cdnoticias.com\/index.php\/wp-json\/wp\/v2\/users\/4"}],"replies":[{"embeddable":true,"href":"https:\/\/cdnoticias.com\/index.php\/wp-json\/wp\/v2\/comments?post=30202"}],"version-history":[{"count":0,"href":"https:\/\/cdnoticias.com\/index.php\/wp-json\/wp\/v2\/posts\/30202\/revisions"}],"wp:featuredmedia":[{"embeddable":true,"href":"https:\/\/cdnoticias.com\/index.php\/wp-json\/wp\/v2\/media\/30203"}],"wp:attachment":[{"href":"https:\/\/cdnoticias.com\/index.php\/wp-json\/wp\/v2\/media?parent=30202"}],"wp:term":[{"taxonomy":"category","embeddable":true,"href":"https:\/\/cdnoticias.com\/index.php\/wp-json\/wp\/v2\/categories?post=30202"},{"taxonomy":"post_tag","embeddable":true,"href":"https:\/\/cdnoticias.com\/index.php\/wp-json\/wp\/v2\/tags?post=30202"}],"curies":[{"name":"wp","href":"https:\/\/api.w.org\/{rel}","templated":true}]}}