{"id":30199,"date":"2021-08-20T08:38:19","date_gmt":"2021-08-20T11:38:19","guid":{"rendered":"http:\/\/www.centraldenoticias.com.ar\/?p=30199"},"modified":"2021-08-20T08:38:19","modified_gmt":"2021-08-20T11:38:19","slug":"el-precandidato-guillermo-moreno-estara-en-olavarria-este-sabado","status":"publish","type":"post","link":"https:\/\/cdnoticias.com\/index.php\/2021\/08\/20\/el-precandidato-guillermo-moreno-estara-en-olavarria-este-sabado\/","title":{"rendered":"El precandidato Guillermo Moreno estar\u00e1 en Olavarr\u00eda este s\u00e1bado"},"content":{"rendered":"<p>El ex funcionario y l\u00edder del frente \u201cPrincipios y Valores\u201d estar\u00e1 en Olavarr\u00eda acompa\u00f1ado de su precandidato local, Alan Aguirre. Vendr\u00e1n, adem\u00e1s, otros dirigentes.<!--more--><\/p>\n<hr \/>\n<p>En el marco de la campa\u00f1a para las PASO de septiembre, y con varias visitas en los \u00faltimos d\u00edas,<strong> el precandidato a diputado nacional de \u201cPrincipios y Valores\u201d, Guillermo Moreno, estar\u00e1 en Olavarr\u00eda este s\u00e1bado, acompa\u00f1ado del precandidato a concejal Alan Aguirre.<\/strong><\/p>\n<p>&nbsp;<\/p>\n<p>Moreno arribar\u00e1 a nuestra ciudad acompa\u00f1ado por Susana Ocampo (segunda precandidata a Diputada Nacional) Jaime Alper (tercer precandidato a Diputado Nacional y presidente del Partido Republicano Federal) Horacio Valdez (secretario general de la Confederaci\u00f3n de las 62 organizaciones peronistas) y Ariel L\u00f3pez (precandidato a Senador Provincial y secretario general de la CTA de Merlo).<\/p>\n<p>&nbsp;<\/p>\n<p>A las 13.30 horas <strong>Moreno brindar\u00e1 una conferencia de prensa en las instalaciones de la C\u00e1mara Empresaria de Olavarr\u00eda.<\/strong><\/p>\n<p>&nbsp;<\/p>\n<p>Luego se har\u00e1\u00a0presente en el <strong>Club Mariano Moreno donde se desarrollar\u00e1 en un acto privado un plenario Peronista.<\/strong> Del mismo participar\u00e1n precandidatos de la S\u00e9ptima Secci\u00f3n Electoral que integran la Lista 314A del partido Republicano Federal y el Partido Principios y valores.<\/p>\n","protected":false},"excerpt":{"rendered":"<p>El ex funcionario y l\u00edder del frente \u201cPrincipios y Valores\u201d estar\u00e1 en Olavarr\u00eda acompa\u00f1ado de su precandidato local, Alan Aguirre.<\/p>\n","protected":false},"author":2,"featured_media":30200,"comment_status":"closed","ping_status":"closed","sticky":false,"template":"","format":"standard","meta":{"_jetpack_memberships_contains_paid_content":false,"footnotes":""},"categories":[4,1],"tags":[],"class_list":["post-30199","post","type-post","status-publish","format-standard","has-post-thumbnail","hentry","category-politica","category-portada"],"jetpack_featured_media_url":"https:\/\/i0.wp.com\/cdnoticias.com\/wp-content\/uploads\/2021\/08\/CGY6NR2QUFDSRNZSBBN3E3CKFE.jpg?fit=768%2C512&ssl=1","jetpack_sharing_enabled":true,"_links":{"self":[{"href":"https:\/\/cdnoticias.com\/index.php\/wp-json\/wp\/v2\/posts\/30199","targetHints":{"allow":["GET"]}}],"collection":[{"href":"https:\/\/cdnoticias.com\/index.php\/wp-json\/wp\/v2\/posts"}],"about":[{"href":"https:\/\/cdnoticias.com\/index.php\/wp-json\/wp\/v2\/types\/post"}],"author":[{"embeddable":true,"href":"https:\/\/cdnoticias.com\/index.php\/wp-json\/wp\/v2\/users\/2"}],"replies":[{"embeddable":true,"href":"https:\/\/cdnoticias.com\/index.php\/wp-json\/wp\/v2\/comments?post=30199"}],"version-history":[{"count":0,"href":"https:\/\/cdnoticias.com\/index.php\/wp-json\/wp\/v2\/posts\/30199\/revisions"}],"wp:featuredmedia":[{"embeddable":true,"href":"https:\/\/cdnoticias.com\/index.php\/wp-json\/wp\/v2\/media\/30200"}],"wp:attachment":[{"href":"https:\/\/cdnoticias.com\/index.php\/wp-json\/wp\/v2\/media?parent=30199"}],"wp:term":[{"taxonomy":"category","embeddable":true,"href":"https:\/\/cdnoticias.com\/index.php\/wp-json\/wp\/v2\/categories?post=30199"},{"taxonomy":"post_tag","embeddable":true,"href":"https:\/\/cdnoticias.com\/index.php\/wp-json\/wp\/v2\/tags?post=30199"}],"curies":[{"name":"wp","href":"https:\/\/api.w.org\/{rel}","templated":true}]}}