{"id":30190,"date":"2021-08-19T22:55:33","date_gmt":"2021-08-20T01:55:33","guid":{"rendered":"http:\/\/www.centraldenoticias.com.ar\/?p=30190"},"modified":"2021-08-20T08:09:18","modified_gmt":"2021-08-20T11:09:18","slug":"policia-federal-sorprendio-un-hombre-vendiendo-droga-y-allano-su-casa-y-un-comercio","status":"publish","type":"post","link":"https:\/\/cdnoticias.com\/index.php\/2021\/08\/19\/policia-federal-sorprendio-un-hombre-vendiendo-droga-y-allano-su-casa-y-un-comercio\/","title":{"rendered":"Polic\u00eda Federal sorprendi\u00f3 un hombre vendiendo droga y allan\u00f3 su casa y un comercio"},"content":{"rendered":"<p>Las tareas fueron llevadas adelante desde la Unidad Operativa local. Se incaut\u00f3 coca\u00edna, medicamentos y tel\u00e9fonos celulares.<!--more--><\/p>\n<hr \/>\n<p>En la jornada de este jueves personal de la Divisi\u00f3n Unidad Operativa Federal de Olavarr\u00eda llev\u00f3 adelante la captura de<strong> un hombre, que en la zona del centro local se encontraba comercializando estupefacientes.<\/strong><\/p>\n<p>&nbsp;<\/p>\n<p>De acuerdo con lo que se precis\u00f3, todo se enmarca en <strong>una investigaci\u00f3n que se inici\u00f3 en junio de este a\u00f1o, precisamente con el dato de la venta de drogas mediante la modalidad de \u201cdelivery\u201d<\/strong>. El dato relevante es que la comercializaci\u00f3n la har\u00eda tanto desde su veh\u00edculo particular, como en un comercio c\u00e9ntrico y un domicilio en el bariro Villa Mail\u00edn. Gracias esa informaci\u00f3n se logr\u00f3 que la jueza de Garant\u00edas local Fabiana San Rom\u00e1n acompa\u00f1ara <strong>un pedido de orden de requisa tanto del acusado como de su auto<\/strong>, tal como hab\u00eda sido requerido por el fiscal en estupefacientes Lucas Moyano.<\/p>\n<p>&nbsp;<\/p>\n<p><img data-recalc-dims=\"1\" loading=\"lazy\" decoding=\"async\" class=\"alignnone size-large wp-image-30192\" src=\"https:\/\/i0.wp.com\/cdnoticias.com\/wp-content\/uploads\/2021\/08\/federal02.jpg?resize=800%2C451&#038;ssl=1\" alt=\"\" width=\"800\" height=\"451\" srcset=\"https:\/\/i0.wp.com\/cdnoticias.com\/wp-content\/uploads\/2021\/08\/federal02.jpg?resize=1024%2C577&amp;ssl=1 1024w, https:\/\/i0.wp.com\/cdnoticias.com\/wp-content\/uploads\/2021\/08\/federal02.jpg?resize=300%2C169&amp;ssl=1 300w, https:\/\/i0.wp.com\/cdnoticias.com\/wp-content\/uploads\/2021\/08\/federal02.jpg?resize=768%2C432&amp;ssl=1 768w, https:\/\/i0.wp.com\/cdnoticias.com\/wp-content\/uploads\/2021\/08\/federal02.jpg?w=1156&amp;ssl=1 1156w\" sizes=\"auto, (max-width: 800px) 100vw, 800px\" \/><\/p>\n<p>&nbsp;<\/p>\n<p>&nbsp;<\/p>\n<p>Esas tareas se llevaron a cabo en la tarde de este jueves, cuando el hombre fue sorprendido vendiendo estupefacientes, precisamente, desde su auto particular. Tal es as\u00ed que <strong>el procedimiento se hizo efectivo al momento en el que se llevaba adelante el intercambio con un cliente.<\/strong><\/p>\n<p>&nbsp;<\/p>\n<p><strong>En ese marco se incaut\u00f3 coca\u00edna y, a la par, fue el fundamento para avanzar sobre un kiosco del microcentro, donde se incautaron medicamentos, y un domicilio particular del barrio Villa Mail\u00edn, donde tambi\u00e9n se secuestr\u00f3 coca\u00edna<\/strong>. Los procedimientos estuvieron a cargo del Subcomisario Pablo Gonz\u00e1lez, Jefe de la Divisi\u00f3n Unidad Operativa Federal local.<\/p>\n","protected":false},"excerpt":{"rendered":"<p>Las tareas fueron llevadas adelante desde la Unidad Operativa local. Se incaut\u00f3 coca\u00edna, medicamentos y tel\u00e9fonos celulares.<\/p>\n","protected":false},"author":3,"featured_media":30194,"comment_status":"closed","ping_status":"closed","sticky":false,"template":"","format":"standard","meta":{"_jetpack_memberships_contains_paid_content":false,"footnotes":""},"categories":[14,1],"tags":[],"class_list":["post-30190","post","type-post","status-publish","format-standard","has-post-thumbnail","hentry","category-policiales","category-portada"],"jetpack_featured_media_url":"https:\/\/i0.wp.com\/cdnoticias.com\/wp-content\/uploads\/2021\/08\/WhatsApp-Image-2021-08-19-at-22.47.01-e1629424486716.jpeg?fit=1492%2C896&ssl=1","jetpack_sharing_enabled":true,"_links":{"self":[{"href":"https:\/\/cdnoticias.com\/index.php\/wp-json\/wp\/v2\/posts\/30190","targetHints":{"allow":["GET"]}}],"collection":[{"href":"https:\/\/cdnoticias.com\/index.php\/wp-json\/wp\/v2\/posts"}],"about":[{"href":"https:\/\/cdnoticias.com\/index.php\/wp-json\/wp\/v2\/types\/post"}],"author":[{"embeddable":true,"href":"https:\/\/cdnoticias.com\/index.php\/wp-json\/wp\/v2\/users\/3"}],"replies":[{"embeddable":true,"href":"https:\/\/cdnoticias.com\/index.php\/wp-json\/wp\/v2\/comments?post=30190"}],"version-history":[{"count":0,"href":"https:\/\/cdnoticias.com\/index.php\/wp-json\/wp\/v2\/posts\/30190\/revisions"}],"wp:featuredmedia":[{"embeddable":true,"href":"https:\/\/cdnoticias.com\/index.php\/wp-json\/wp\/v2\/media\/30194"}],"wp:attachment":[{"href":"https:\/\/cdnoticias.com\/index.php\/wp-json\/wp\/v2\/media?parent=30190"}],"wp:term":[{"taxonomy":"category","embeddable":true,"href":"https:\/\/cdnoticias.com\/index.php\/wp-json\/wp\/v2\/categories?post=30190"},{"taxonomy":"post_tag","embeddable":true,"href":"https:\/\/cdnoticias.com\/index.php\/wp-json\/wp\/v2\/tags?post=30190"}],"curies":[{"name":"wp","href":"https:\/\/api.w.org\/{rel}","templated":true}]}}