{"id":30185,"date":"2021-08-19T21:01:14","date_gmt":"2021-08-20T00:01:14","guid":{"rendered":"http:\/\/www.centraldenoticias.com.ar\/?p=30185"},"modified":"2021-08-19T22:58:16","modified_gmt":"2021-08-20T01:58:16","slug":"este-jueves-mas-de-2-mil-olavarrienses-culminaron-su-esquema-de-vacunacion","status":"publish","type":"post","link":"https:\/\/cdnoticias.com\/index.php\/2021\/08\/19\/este-jueves-mas-de-2-mil-olavarrienses-culminaron-su-esquema-de-vacunacion\/","title":{"rendered":"Este jueves m\u00e1s de 2 mil olavarrienses culminaron su esquema de vacunaci\u00f3n"},"content":{"rendered":"<p>Fue a partir de recibir el segundo componente. En total, en las \u00faltimas 24 horas, se realizaron m\u00e1s de 2200 aplicaciones.<!--more--><\/p>\n<hr \/>\n<p><strong>\u201cAgosto ser\u00e1 el mes de las segundas dosis\u201d<\/strong>. De esa manera autoridades sanitarias se hab\u00edan proclamado a inicios del presente mes y lo sucedido en los \u00faltimos d\u00edas es una clara muestra de ello. Tal es as\u00ed que<strong> este jueves m\u00e1s de 2 mil olavarrienses\u00a0 culminaron con su esquema de vacunaci\u00f3n al recibir su segunda dosis.<\/strong><\/p>\n<p>&nbsp;<\/p>\n<p>De acuerdo con lo que se detall\u00f3 desde Regi\u00f3n Sanitaria IX, esta jornada en el Centro Cultural Universitario se vacunaron 1132 personas con segundo componente de Sputnik V, en la Facultad de Ciencias de la Salud se inocularon 527 vecinas y vecinos, de las cuales 461 fueron con segundo componente y 66 con primeras dosis; en la Mutual Carlos Alberto Moreno de Suteba se realizaron 96 aplicaciones de segundas dosis; y en el Servicio Territorial N\u00b02 se aplicaron 533 vacunas, de las cuales 118 corresponden a primeras dosis y 415 de segundo componente de AstraZeneca. <strong>Se aplicaron un total 2288 vacunas contra el Covid-19.<\/strong><\/p>\n<p>&nbsp;<\/p>\n<blockquote><p>Cualquier duda o consulta, podr\u00e1n acercarse a cualquiera de las cuatro postas ubicadas en: Servicio Territorial N\u00b02, Av. Alberdi 2543, de 8 a 18 hs; Facultad de Ciencias de la Salud, Merlo entre Av. Pringles y 9 de julio, de 8 a 18 hs; Centro Cultural Universitario, San Martin 1955, de 8 a 18 hs; y Mutual Carlos Alberto Moreno de Suteba, Collinet 4544, de 8 a 16 hs.<\/p><\/blockquote>\n<p>&nbsp;<\/p>\n<p>&nbsp;<\/p>\n<p><strong>En el caso de las aplicaciones de segundas dosis, se recuerda que para recibir la aplicaci\u00f3n es \u00fanicamente por turnos<\/strong>, por lo que se le pide a los vecinos y vecinas que est\u00e9n atentos a las notificaciones que se env\u00edan desde el Ministerio de Salud provincial. A la par, sigue desarroll\u00e1ndose la vacunaci\u00f3n libre para mayores de 18 a\u00f1os que acrediten domicilio en la localidad present\u00e1ndose con su DNI en cualquiera de las postas de vacunaci\u00f3n.<\/p>\n<p>&nbsp;<\/p>\n<p>Tambi\u00e9n, <strong>contin\u00faa la inscripci\u00f3n a menores de 12 a 17 a\u00f1os<\/strong> a trav\u00e9s del <a href=\"http:\/\/www.vacunatepba.gba.gob.ar\" target=\"_blank\" rel=\"noopener\">sitio web oficial<\/a> para obtener el turno correspondiente y recibir la primera dosis, priorizando a quienes pertenecen a grupos de riesgo.<\/p>\n","protected":false},"excerpt":{"rendered":"<p>Fue a partir de recibir el segundo componente. En total, en las \u00faltimas 24 horas, se realizaron m\u00e1s de 2200<\/p>\n","protected":false},"author":3,"featured_media":28362,"comment_status":"closed","ping_status":"closed","sticky":false,"template":"","format":"standard","meta":{"_jetpack_memberships_contains_paid_content":false,"footnotes":""},"categories":[16,1],"tags":[],"class_list":["post-30185","post","type-post","status-publish","format-standard","has-post-thumbnail","hentry","category-covid-19","category-portada"],"jetpack_featured_media_url":"https:\/\/i0.wp.com\/cdnoticias.com\/wp-content\/uploads\/2021\/08\/WhatsApp-Image-2021-08-02-at-20.37.26.jpeg?fit=1280%2C853&ssl=1","jetpack_sharing_enabled":true,"_links":{"self":[{"href":"https:\/\/cdnoticias.com\/index.php\/wp-json\/wp\/v2\/posts\/30185","targetHints":{"allow":["GET"]}}],"collection":[{"href":"https:\/\/cdnoticias.com\/index.php\/wp-json\/wp\/v2\/posts"}],"about":[{"href":"https:\/\/cdnoticias.com\/index.php\/wp-json\/wp\/v2\/types\/post"}],"author":[{"embeddable":true,"href":"https:\/\/cdnoticias.com\/index.php\/wp-json\/wp\/v2\/users\/3"}],"replies":[{"embeddable":true,"href":"https:\/\/cdnoticias.com\/index.php\/wp-json\/wp\/v2\/comments?post=30185"}],"version-history":[{"count":0,"href":"https:\/\/cdnoticias.com\/index.php\/wp-json\/wp\/v2\/posts\/30185\/revisions"}],"wp:featuredmedia":[{"embeddable":true,"href":"https:\/\/cdnoticias.com\/index.php\/wp-json\/wp\/v2\/media\/28362"}],"wp:attachment":[{"href":"https:\/\/cdnoticias.com\/index.php\/wp-json\/wp\/v2\/media?parent=30185"}],"wp:term":[{"taxonomy":"category","embeddable":true,"href":"https:\/\/cdnoticias.com\/index.php\/wp-json\/wp\/v2\/categories?post=30185"},{"taxonomy":"post_tag","embeddable":true,"href":"https:\/\/cdnoticias.com\/index.php\/wp-json\/wp\/v2\/tags?post=30185"}],"curies":[{"name":"wp","href":"https:\/\/api.w.org\/{rel}","templated":true}]}}