{"id":30159,"date":"2021-08-20T08:54:58","date_gmt":"2021-08-20T11:54:58","guid":{"rendered":"http:\/\/www.centraldenoticias.com.ar\/?p=30159"},"modified":"2021-08-20T08:54:58","modified_gmt":"2021-08-20T11:54:58","slug":"reunion-en-diputados-con-enacom-para-analizar-avances-en-la-red-de-conectividad","status":"publish","type":"post","link":"https:\/\/cdnoticias.com\/index.php\/2021\/08\/20\/reunion-en-diputados-con-enacom-para-analizar-avances-en-la-red-de-conectividad\/","title":{"rendered":"Reuni\u00f3n en Diputados con ENACOM para analizar avances en la red de conectividad"},"content":{"rendered":"<p>El encuentro gir\u00f3 sobre los programas y proyectos de financiamiento para la expansi\u00f3n de redes de banda ancha en Argentina.<!--more--><\/p>\n<hr \/>\n<p>El presidente de la C\u00e1mara de Diputados, Sergio Massa, y el presidente del Ente Nacional de Comunicaciones (ENACOM), Claudio Ambrosini, mantuvieron un encuentro informativo sobre los<strong> programas y proyectos de financiamiento para la expansi\u00f3n de redes de banda ancha en Argentina que impulsa el Organismo.<\/strong><\/p>\n<p>&nbsp;<\/p>\n<p>Durante la reuni\u00f3n, el presidente de la C\u00e1mara baja y el titular de ENACOM coincidieron en el rol fundamental que tienen las Tecnolog\u00edas de la Informaci\u00f3n y las Comunicaciones (TIC) en el desarrollo productivo, econ\u00f3mico y social del pa\u00eds y, desde el campo legislativo,<strong> evaluaron distintos proyectos de Ley que garanticen la efectividad de la conectividad en todo el pa\u00eds.<\/strong><\/p>\n<p>&nbsp;<\/p>\n<p>El trabajo realizado hasta el momento por la actual gesti\u00f3n de ENACOM se alinea con la premisa b\u00e1sica enunciada por el presidente de la Naci\u00f3n, Alberto Fern\u00e1ndez, de <strong>expandir la conectividad<\/strong> a todo el territorio nacional para igualar oportunidades.<\/p>\n<p>&nbsp;<\/p>\n<div class=\"jetpack-video-wrapper\"><iframe loading=\"lazy\" width=\"800\" height=\"450\" src=\"https:\/\/www.youtube.com\/embed\/ToktZLWAUfw?feature=oembed\" frameborder=\"0\" allow=\"accelerometer; autoplay; clipboard-write; encrypted-media; gyroscope; picture-in-picture\" allowfullscreen><\/iframe><\/div>\n<p>Para materializar ese objetivo, ENACOM aprob\u00f3 diversos programas de conectividad con car\u00e1cter federal, como el <strong>Programa para el Desarrollo de Infraestructura para Internet,<\/strong> destinado a barrios y asentamientos que figuran en el RENABAP; el<strong> \u201cPrograma de Acceso a Conectividad para Instituciones P\u00fablicas\u201d<\/strong>, financiado a trav\u00e9s del Fondo Fiduciario de Servicio Universal (FFSU); y e<strong>l \u201cPrograma de Emergencia para Garantizar el Acceso a Servicios TIC para los Habitantes de Barrios Populares en el Marco de la Pandemia COVID-19\u201d<\/strong>, para brindar soluciones urgentes en el contexto de la emergencia nacional.<\/p>\n<p>&nbsp;<\/p>\n<p>Desde el comienzo de la gesti\u00f3n, el Directorio de ENACOM estableci\u00f3 como lineamiento principal priorizar la <strong>reducci\u00f3n de la brecha digital<\/strong> a trav\u00e9s del impulso de programas y proyectos de conectividad en todo el pa\u00eds.<\/p>\n","protected":false},"excerpt":{"rendered":"<p>El encuentro gir\u00f3 sobre los programas y proyectos de financiamiento para la expansi\u00f3n de redes de banda ancha en Argentina.<\/p>\n","protected":false},"author":5,"featured_media":30160,"comment_status":"closed","ping_status":"closed","sticky":false,"template":"","format":"standard","meta":{"_jetpack_memberships_contains_paid_content":false,"footnotes":""},"categories":[6],"tags":[],"class_list":["post-30159","post","type-post","status-publish","format-standard","has-post-thumbnail","hentry","category-nacionales"],"jetpack_featured_media_url":"https:\/\/i0.wp.com\/cdnoticias.com\/wp-content\/uploads\/2021\/08\/TZCCABAWSNBPHGDZRBCCPJL76E.jpg?fit=800%2C450&ssl=1","jetpack_sharing_enabled":true,"_links":{"self":[{"href":"https:\/\/cdnoticias.com\/index.php\/wp-json\/wp\/v2\/posts\/30159","targetHints":{"allow":["GET"]}}],"collection":[{"href":"https:\/\/cdnoticias.com\/index.php\/wp-json\/wp\/v2\/posts"}],"about":[{"href":"https:\/\/cdnoticias.com\/index.php\/wp-json\/wp\/v2\/types\/post"}],"author":[{"embeddable":true,"href":"https:\/\/cdnoticias.com\/index.php\/wp-json\/wp\/v2\/users\/5"}],"replies":[{"embeddable":true,"href":"https:\/\/cdnoticias.com\/index.php\/wp-json\/wp\/v2\/comments?post=30159"}],"version-history":[{"count":0,"href":"https:\/\/cdnoticias.com\/index.php\/wp-json\/wp\/v2\/posts\/30159\/revisions"}],"wp:featuredmedia":[{"embeddable":true,"href":"https:\/\/cdnoticias.com\/index.php\/wp-json\/wp\/v2\/media\/30160"}],"wp:attachment":[{"href":"https:\/\/cdnoticias.com\/index.php\/wp-json\/wp\/v2\/media?parent=30159"}],"wp:term":[{"taxonomy":"category","embeddable":true,"href":"https:\/\/cdnoticias.com\/index.php\/wp-json\/wp\/v2\/categories?post=30159"},{"taxonomy":"post_tag","embeddable":true,"href":"https:\/\/cdnoticias.com\/index.php\/wp-json\/wp\/v2\/tags?post=30159"}],"curies":[{"name":"wp","href":"https:\/\/api.w.org\/{rel}","templated":true}]}}