{"id":30147,"date":"2021-08-19T19:13:01","date_gmt":"2021-08-19T22:13:01","guid":{"rendered":"http:\/\/www.centraldenoticias.com.ar\/?p=30147"},"modified":"2021-08-19T19:15:13","modified_gmt":"2021-08-19T22:15:13","slug":"covid-19-este-jueves-fallecio-un-hombre-de-84-anos-en-olavarria","status":"publish","type":"post","link":"https:\/\/cdnoticias.com\/index.php\/2021\/08\/19\/covid-19-este-jueves-fallecio-un-hombre-de-84-anos-en-olavarria\/","title":{"rendered":"Covid-19: Este jueves falleci\u00f3 un hombre de 84 a\u00f1os en Olavarr\u00eda"},"content":{"rendered":"<p>Estaba internado desde hac\u00eda 10 d\u00edas en el Hospital Municipal. Adem\u00e1s, durante la jornada se registraron 18 casos positivos. Hay 19 personas internadas en el centro de salud local.<!--more--><\/p>\n<hr \/>\n<p>La Secretar\u00eda de Salud del Municipio inform\u00f3 que en las \u00faltimas 24 horas,<strong> falleci\u00f3 un paciente de 84 a\u00f1os tras haber estado internado 10 d\u00edas en Sala Covid del Hospital Municipal.<\/strong><\/p>\n<p>&nbsp;<\/p>\n<p>Por otra parte, el reporte diario indic\u00f3 que este jueves se realiz\u00f3 el an\u00e1lisis de<strong> 181 hisopados<\/strong>: 18 fueron positivos (12 de los testeos que se llevan a cabo en Club El Fort\u00edn) y 163 negativos para Covid19. En tanto, no se registraron hisopados positivos del RTA Pedi\u00e1trico.<\/p>\n<p>&nbsp;<\/p>\n<p><img data-recalc-dims=\"1\" loading=\"lazy\" decoding=\"async\" class=\"alignnone size-full wp-image-30145\" src=\"https:\/\/i0.wp.com\/cdnoticias.com\/wp-content\/uploads\/2021\/08\/WhatsApp-Image-2021-08-19-at-16.51.47.jpeg?resize=800%2C800&#038;ssl=1\" alt=\"\" width=\"800\" height=\"800\" srcset=\"https:\/\/i0.wp.com\/cdnoticias.com\/wp-content\/uploads\/2021\/08\/WhatsApp-Image-2021-08-19-at-16.51.47.jpeg?w=1280&amp;ssl=1 1280w, https:\/\/i0.wp.com\/cdnoticias.com\/wp-content\/uploads\/2021\/08\/WhatsApp-Image-2021-08-19-at-16.51.47.jpeg?resize=150%2C150&amp;ssl=1 150w, https:\/\/i0.wp.com\/cdnoticias.com\/wp-content\/uploads\/2021\/08\/WhatsApp-Image-2021-08-19-at-16.51.47.jpeg?resize=300%2C300&amp;ssl=1 300w, https:\/\/i0.wp.com\/cdnoticias.com\/wp-content\/uploads\/2021\/08\/WhatsApp-Image-2021-08-19-at-16.51.47.jpeg?resize=768%2C768&amp;ssl=1 768w, https:\/\/i0.wp.com\/cdnoticias.com\/wp-content\/uploads\/2021\/08\/WhatsApp-Image-2021-08-19-at-16.51.47.jpeg?resize=1024%2C1024&amp;ssl=1 1024w\" sizes=\"auto, (max-width: 800px) 100vw, 800px\" \/><\/p>\n<p>&nbsp;<\/p>\n<blockquote><p>Adem\u00e1s, se\u00f1alaron que recibieron el alta m\u00e9dica 29 personas. Son 182 los pacientes que transitan la enfermedad en Olavarr\u00eda, con un promedio de edad de 39 a\u00f1os.<\/p><\/blockquote>\n<p>&nbsp;<\/p>\n<p><img data-recalc-dims=\"1\" loading=\"lazy\" decoding=\"async\" class=\"alignnone size-full wp-image-30144\" src=\"https:\/\/i0.wp.com\/cdnoticias.com\/wp-content\/uploads\/2021\/08\/WhatsApp-Image-2021-08-19-at-16.51.56.jpeg?resize=800%2C799&#038;ssl=1\" alt=\"\" width=\"800\" height=\"799\" srcset=\"https:\/\/i0.wp.com\/cdnoticias.com\/wp-content\/uploads\/2021\/08\/WhatsApp-Image-2021-08-19-at-16.51.56.jpeg?w=1280&amp;ssl=1 1280w, https:\/\/i0.wp.com\/cdnoticias.com\/wp-content\/uploads\/2021\/08\/WhatsApp-Image-2021-08-19-at-16.51.56.jpeg?resize=150%2C150&amp;ssl=1 150w, https:\/\/i0.wp.com\/cdnoticias.com\/wp-content\/uploads\/2021\/08\/WhatsApp-Image-2021-08-19-at-16.51.56.jpeg?resize=300%2C300&amp;ssl=1 300w, https:\/\/i0.wp.com\/cdnoticias.com\/wp-content\/uploads\/2021\/08\/WhatsApp-Image-2021-08-19-at-16.51.56.jpeg?resize=768%2C767&amp;ssl=1 768w, https:\/\/i0.wp.com\/cdnoticias.com\/wp-content\/uploads\/2021\/08\/WhatsApp-Image-2021-08-19-at-16.51.56.jpeg?resize=1024%2C1024&amp;ssl=1 1024w\" sizes=\"auto, (max-width: 800px) 100vw, 800px\" \/><\/p>\n<p>&nbsp;<\/p>\n<p>En el Hospital Municipal \u201cDr. H\u00e9ctor M. Cura\u201d<strong> hay 19 personas internadas<\/strong>: 6 en la Unidad de Terapia Intensiva y 13 en Cuidados Generales.<\/p>\n","protected":false},"excerpt":{"rendered":"<p>Estaba internado desde hac\u00eda 10 d\u00edas en el Hospital Municipal. Adem\u00e1s, durante la jornada se registraron 18 casos positivos. Hay<\/p>\n","protected":false},"author":5,"featured_media":26628,"comment_status":"closed","ping_status":"closed","sticky":false,"template":"","format":"standard","meta":{"_jetpack_memberships_contains_paid_content":false,"footnotes":""},"categories":[16,1],"tags":[],"class_list":["post-30147","post","type-post","status-publish","format-standard","has-post-thumbnail","hentry","category-covid-19","category-portada"],"jetpack_featured_media_url":"https:\/\/i0.wp.com\/cdnoticias.com\/wp-content\/uploads\/2021\/07\/Salud-Frente-Hospital-1024x682.jpeg?fit=1024%2C682&ssl=1","jetpack_sharing_enabled":true,"_links":{"self":[{"href":"https:\/\/cdnoticias.com\/index.php\/wp-json\/wp\/v2\/posts\/30147","targetHints":{"allow":["GET"]}}],"collection":[{"href":"https:\/\/cdnoticias.com\/index.php\/wp-json\/wp\/v2\/posts"}],"about":[{"href":"https:\/\/cdnoticias.com\/index.php\/wp-json\/wp\/v2\/types\/post"}],"author":[{"embeddable":true,"href":"https:\/\/cdnoticias.com\/index.php\/wp-json\/wp\/v2\/users\/5"}],"replies":[{"embeddable":true,"href":"https:\/\/cdnoticias.com\/index.php\/wp-json\/wp\/v2\/comments?post=30147"}],"version-history":[{"count":0,"href":"https:\/\/cdnoticias.com\/index.php\/wp-json\/wp\/v2\/posts\/30147\/revisions"}],"wp:featuredmedia":[{"embeddable":true,"href":"https:\/\/cdnoticias.com\/index.php\/wp-json\/wp\/v2\/media\/26628"}],"wp:attachment":[{"href":"https:\/\/cdnoticias.com\/index.php\/wp-json\/wp\/v2\/media?parent=30147"}],"wp:term":[{"taxonomy":"category","embeddable":true,"href":"https:\/\/cdnoticias.com\/index.php\/wp-json\/wp\/v2\/categories?post=30147"},{"taxonomy":"post_tag","embeddable":true,"href":"https:\/\/cdnoticias.com\/index.php\/wp-json\/wp\/v2\/tags?post=30147"}],"curies":[{"name":"wp","href":"https:\/\/api.w.org\/{rel}","templated":true}]}}