{"id":30085,"date":"2021-08-19T09:15:19","date_gmt":"2021-08-19T12:15:19","guid":{"rendered":"http:\/\/www.centraldenoticias.com.ar\/?p=30085"},"modified":"2021-08-19T09:15:19","modified_gmt":"2021-08-19T12:15:19","slug":"transporte-de-larga-distancia-otorgan-compensacion-de-1200-millones-de-pesos","status":"publish","type":"post","link":"https:\/\/cdnoticias.com\/index.php\/2021\/08\/19\/transporte-de-larga-distancia-otorgan-compensacion-de-1200-millones-de-pesos\/","title":{"rendered":"Transporte de larga distancia: otorgan compensaci\u00f3n de 1200 millones de pesos"},"content":{"rendered":"<p>El aporte se abonar\u00e1 por \u00fanica vez en dos cuotas de 600 millones. Ser\u00e1 por la pandemia, y los titulares de las empresas deber\u00e1n rendir cuentas de otras compensaciones desde mayo de 2020.\u00a0<!--more--><\/p>\n<hr \/>\n<p>Anunciado en el Bolet\u00edn Oficial de este jueves, <strong>el gobierno nacional dispuso una compensaci\u00f3n de emergencia de $ 1.200 millones en el marco del R\u00e9gimen de Compensaciones Tarifarias al Transporte Automotor de Pasajeros de Larga Distancia.<\/strong><\/p>\n<p>&nbsp;<\/p>\n<p>Mediante la Resoluci\u00f3n 283\/2021 de Ministerio de Transporte y con la firma del ministro Alexis Guerrera, se precis\u00f3 que <strong>la compensaci\u00f3n ser\u00e1 para las empresas de transporte por automotor de pasajeros por carretera de car\u00e1cter interjurisdiccional de jurisdicci\u00f3n nacional, y se se\u00f1al\u00f3 que el aporte se abonar\u00e1 por \u00fanica vez.<\/strong><\/p>\n<p>&nbsp;<\/p>\n<p>La compensaci\u00f3n se dividir\u00e1 en<strong> dos cuotas mensuales y consecutivas de $600 millones, y los valores a transferir se determinar\u00e1n de acuerdo al \u00edndice de participaci\u00f3n de cada empresa sobre el total del parque m\u00f3vil habilitado y el personal computable de las empresas solicitantes.<\/strong><\/p>\n<p>&nbsp;<\/p>\n<blockquote><p>Aquellos que se consideren beneficiarios deber\u00e1n efectuar una solicitud formal, mediante el m\u00f3dulo Tr\u00e1mites a Distancia (TAD) del Sistema de Generaci\u00f3n Electr\u00f3nica de Documentos, suscripta por un representante legal con facultades suficientes, expresando su opci\u00f3n para el c\u00e1lculo de sus acreencias.<\/p><\/blockquote>\n<p>&nbsp;<\/p>\n<p>Asimismo, el Ministerio de Transporte estableci\u00f3 que para acceder al derecho de percepci\u00f3n de la compensaci\u00f3n, <strong>las operadoras deber\u00e1n haber efectuado la rendici\u00f3n de la totalidad de los fondos recibidos en anteriores compensaciones dispuestas desde mayo del a\u00f1o pasado<\/strong> en el marco de la pandemia por el coronavirus.<\/p>\n<p>&nbsp;<\/p>\n<blockquote><p>Tambi\u00e9n deber\u00e1n haber presentado una declaraci\u00f3n jurada, a manera de rendici\u00f3n de los valores percibidos en el a\u00f1o en curso. Adem\u00e1s del formulario presentado ante la AFIP que respalda el conjunto de aportes y contribuciones que realiza el empleador.<\/p><\/blockquote>\n<p>&nbsp;<\/p>\n<p>El Gobierno fundament\u00f3 el otorgamiento de esta asistencia econ\u00f3mica a las operadoras de servicios de transporte automotor interurbano de pasajeros de jurisdicci\u00f3n nacional,<em> \u201cen forma transitoria hasta que puedan recuperar un nivel de actividad que permita la sustentabilidad de los servicios\u201d<\/em>, tras las restricciones dispuestas en el marco de la pandemia.<\/p>\n<p>&nbsp;<\/p>\n<p>Ya en mayo de 2020, el Ministerio de Transporte dispuso una compensaci\u00f3n de $ 500 millones, mientras que en julio de ese mismo a\u00f1o se otorg\u00f3 otros $ 1.000 millones y en diciembre del a\u00f1o pasado se dispuso una compensaci\u00f3n de emergencia de $ 500 millones. En febrero de este a\u00f1o, el Gobierno otorg\u00f3 compensaciones al sector por un total de $ 900 millones y otro de $ 1.500 millones concedido en mayo.<\/p>\n","protected":false},"excerpt":{"rendered":"<p>El aporte se abonar\u00e1 por \u00fanica vez en dos cuotas de 600 millones. Ser\u00e1 por la pandemia, y los titulares<\/p>\n","protected":false},"author":2,"featured_media":30086,"comment_status":"closed","ping_status":"closed","sticky":false,"template":"","format":"standard","meta":{"_jetpack_memberships_contains_paid_content":false,"footnotes":""},"categories":[6,1],"tags":[],"class_list":["post-30085","post","type-post","status-publish","format-standard","has-post-thumbnail","hentry","category-nacionales","category-portada"],"jetpack_featured_media_url":"https:\/\/i0.wp.com\/cdnoticias.com\/wp-content\/uploads\/2021\/08\/f800x450-205133_256579_5050.jpg?fit=800%2C450&ssl=1","jetpack_sharing_enabled":true,"_links":{"self":[{"href":"https:\/\/cdnoticias.com\/index.php\/wp-json\/wp\/v2\/posts\/30085","targetHints":{"allow":["GET"]}}],"collection":[{"href":"https:\/\/cdnoticias.com\/index.php\/wp-json\/wp\/v2\/posts"}],"about":[{"href":"https:\/\/cdnoticias.com\/index.php\/wp-json\/wp\/v2\/types\/post"}],"author":[{"embeddable":true,"href":"https:\/\/cdnoticias.com\/index.php\/wp-json\/wp\/v2\/users\/2"}],"replies":[{"embeddable":true,"href":"https:\/\/cdnoticias.com\/index.php\/wp-json\/wp\/v2\/comments?post=30085"}],"version-history":[{"count":0,"href":"https:\/\/cdnoticias.com\/index.php\/wp-json\/wp\/v2\/posts\/30085\/revisions"}],"wp:featuredmedia":[{"embeddable":true,"href":"https:\/\/cdnoticias.com\/index.php\/wp-json\/wp\/v2\/media\/30086"}],"wp:attachment":[{"href":"https:\/\/cdnoticias.com\/index.php\/wp-json\/wp\/v2\/media?parent=30085"}],"wp:term":[{"taxonomy":"category","embeddable":true,"href":"https:\/\/cdnoticias.com\/index.php\/wp-json\/wp\/v2\/categories?post=30085"},{"taxonomy":"post_tag","embeddable":true,"href":"https:\/\/cdnoticias.com\/index.php\/wp-json\/wp\/v2\/tags?post=30085"}],"curies":[{"name":"wp","href":"https:\/\/api.w.org\/{rel}","templated":true}]}}