{"id":30067,"date":"2021-08-19T08:09:05","date_gmt":"2021-08-19T11:09:05","guid":{"rendered":"http:\/\/www.centraldenoticias.com.ar\/?p=30067"},"modified":"2021-08-19T08:09:05","modified_gmt":"2021-08-19T11:09:05","slug":"sara-elvira-diaz-viuda-de-montalbano-q-e-p-d","status":"publish","type":"post","link":"https:\/\/cdnoticias.com\/index.php\/2021\/08\/19\/sara-elvira-diaz-viuda-de-montalbano-q-e-p-d\/","title":{"rendered":"Sara Elvira D\u00edaz viuda de Montalbano (Q.E.P.D.)"},"content":{"rendered":"<p>Falleci\u00f3 en Olavarr\u00eda el 18 de agosto de 2021 a los 90 a\u00f1os. Sus hijos Nancy Elvira y Jes\u00fas Jose Montalbano; sus hijos pol\u00edticos Jorge Omar Mancini y Pamela Roc\u00edo Anah\u00ed Dinapoli; sus nietos y dem\u00e1s deudos participan su fallecimiento.<\/p>\n<p>&nbsp;<\/p>\n<p>Sus restos ser\u00e1n inhumados en el Cementerio Loma de Paz, este jueves a las 10:30 horas. Nacida en General Alvear, vecina de barrio Facundo Quiroga, jubilada y pensionada.<\/p>\n","protected":false},"excerpt":{"rendered":"<p>Falleci\u00f3 en Olavarr\u00eda el 18 de agosto de 2021 a los 90 a\u00f1os. Sus hijos Nancy Elvira y Jes\u00fas Jose<\/p>\n","protected":false},"author":2,"featured_media":0,"comment_status":"closed","ping_status":"closed","sticky":false,"template":"","format":"standard","meta":{"_jetpack_memberships_contains_paid_content":false,"footnotes":""},"categories":[10],"tags":[],"class_list":["post-30067","post","type-post","status-publish","format-standard","hentry","category-necrologicas"],"jetpack_featured_media_url":"","jetpack_sharing_enabled":true,"_links":{"self":[{"href":"https:\/\/cdnoticias.com\/index.php\/wp-json\/wp\/v2\/posts\/30067","targetHints":{"allow":["GET"]}}],"collection":[{"href":"https:\/\/cdnoticias.com\/index.php\/wp-json\/wp\/v2\/posts"}],"about":[{"href":"https:\/\/cdnoticias.com\/index.php\/wp-json\/wp\/v2\/types\/post"}],"author":[{"embeddable":true,"href":"https:\/\/cdnoticias.com\/index.php\/wp-json\/wp\/v2\/users\/2"}],"replies":[{"embeddable":true,"href":"https:\/\/cdnoticias.com\/index.php\/wp-json\/wp\/v2\/comments?post=30067"}],"version-history":[{"count":0,"href":"https:\/\/cdnoticias.com\/index.php\/wp-json\/wp\/v2\/posts\/30067\/revisions"}],"wp:attachment":[{"href":"https:\/\/cdnoticias.com\/index.php\/wp-json\/wp\/v2\/media?parent=30067"}],"wp:term":[{"taxonomy":"category","embeddable":true,"href":"https:\/\/cdnoticias.com\/index.php\/wp-json\/wp\/v2\/categories?post=30067"},{"taxonomy":"post_tag","embeddable":true,"href":"https:\/\/cdnoticias.com\/index.php\/wp-json\/wp\/v2\/tags?post=30067"}],"curies":[{"name":"wp","href":"https:\/\/api.w.org\/{rel}","templated":true}]}}