{"id":30059,"date":"2021-08-18T19:26:37","date_gmt":"2021-08-18T22:26:37","guid":{"rendered":"http:\/\/www.centraldenoticias.com.ar\/?p=30059"},"modified":"2021-08-18T20:47:12","modified_gmt":"2021-08-18T23:47:12","slug":"gomez-centurion-vamos-a-ser-tercera-fuerza-en-las-paso","status":"publish","type":"post","link":"https:\/\/cdnoticias.com\/index.php\/2021\/08\/18\/gomez-centurion-vamos-a-ser-tercera-fuerza-en-las-paso\/","title":{"rendered":"G\u00f3mez Centuri\u00f3n: \u201cVamos a ser tercera fuerza en las PASO\u201d"},"content":{"rendered":"<p>El precandidato a diputado nacional estuvo en Olavarr\u00eda y realiz\u00f3 un acto en el parque del Bicentenario. Se opuso a la legalizaci\u00f3n de la marihuana y destac\u00f3 el \u201cvoto joven\u201d hacia su partido.<!--more--><\/p>\n<hr \/>\n<p>Este mi\u00e9rcoles, el precandidato a diputado nacional por la Provincia de Buenos Aires, Juan Jos\u00e9 G\u00f3mez Centuri\u00f3n lleg\u00f3 a Olavarr\u00eda para brindar su respaldo a los candidatos locales del espacio Nos que lleva como<strong> precandidato a primer concejal a Mart\u00edn Antonio Ort\u00edz.<\/strong><\/p>\n<p>&nbsp;<\/p>\n<p>Centuri\u00f3n estuvo en el parque del Bicentenario como parte de su recorrida pol\u00edtica en plena campa\u00f1a de cara a las legislativas 2021. En di\u00e1logo con los medios, habl\u00f3 de las expectativas en los comicios y asegur\u00f3 que <strong><em>\u201cvamos a ser tercera fuerza en las PASO generando una sorpresa fenomenal\u201d.<\/em><\/strong><\/p>\n<p>&nbsp;<\/p>\n<p>En di\u00e1logo con los medios, indic\u00f3 que <em>\u201cla gente no cree en estos dirigentes pol\u00edticos y hace muy bien en tenerle desconfianza\u201d<\/em> y agreg\u00f3: <strong><em>\u201cla pol\u00edtica tiene que tener una renovaci\u00f3n en otros proyectos, otras propuestas, otras cabezas, otras miradas\u201d.\u00a0<\/em><\/strong><\/p>\n<p>&nbsp;<\/p>\n<p><img data-recalc-dims=\"1\" loading=\"lazy\" decoding=\"async\" class=\"alignnone size-full wp-image-30058\" src=\"https:\/\/i0.wp.com\/cdnoticias.com\/wp-content\/uploads\/2021\/08\/gomez-centurion.jpg?resize=800%2C445&#038;ssl=1\" alt=\"\" width=\"800\" height=\"445\" srcset=\"https:\/\/i0.wp.com\/cdnoticias.com\/wp-content\/uploads\/2021\/08\/gomez-centurion.jpg?w=800&amp;ssl=1 800w, https:\/\/i0.wp.com\/cdnoticias.com\/wp-content\/uploads\/2021\/08\/gomez-centurion.jpg?resize=300%2C167&amp;ssl=1 300w, https:\/\/i0.wp.com\/cdnoticias.com\/wp-content\/uploads\/2021\/08\/gomez-centurion.jpg?resize=768%2C427&amp;ssl=1 768w\" sizes=\"auto, (max-width: 800px) 100vw, 800px\" \/><\/p>\n<p>&nbsp;<\/p>\n<p>Para el ex candidato a presidente en 2019 por el Frente NOS, <strong>diferenci\u00f3 su espacio de derecha, de otros partidos con las mismas caracter\u00edsticas<\/strong> y aseguro que <em>\u201cno conozco el ala dura de Juntos. Me parece que hay marketing pol\u00edtico. Est\u00e1 el intento de tratar de ocupar un lugar en la derecha de una persona que viene de Montoneros\u201d.<\/em><\/p>\n<p>&nbsp;<\/p>\n<p>Indic\u00f3 que<em> \u201ccon Jos\u00e9 Luis Espert intent\u00e9 en febrero de 2019 hacer una alianza para que compitamos en las PASO, entre nosotros para hacer un espacio pol\u00edtico m\u00e1s grande y \u00e9l se neg\u00f3\u201d.<\/em><\/p>\n<p>&nbsp;<\/p>\n<p><img data-recalc-dims=\"1\" loading=\"lazy\" decoding=\"async\" class=\"alignnone size-full wp-image-30055\" src=\"https:\/\/i0.wp.com\/cdnoticias.com\/wp-content\/uploads\/2021\/08\/gomez-centurion03.jpg?resize=800%2C445&#038;ssl=1\" alt=\"\" width=\"800\" height=\"445\" srcset=\"https:\/\/i0.wp.com\/cdnoticias.com\/wp-content\/uploads\/2021\/08\/gomez-centurion03.jpg?w=800&amp;ssl=1 800w, https:\/\/i0.wp.com\/cdnoticias.com\/wp-content\/uploads\/2021\/08\/gomez-centurion03.jpg?resize=300%2C167&amp;ssl=1 300w, https:\/\/i0.wp.com\/cdnoticias.com\/wp-content\/uploads\/2021\/08\/gomez-centurion03.jpg?resize=768%2C427&amp;ssl=1 768w\" sizes=\"auto, (max-width: 800px) 100vw, 800px\" \/><\/p>\n<p>&nbsp;<\/p>\n<p>El ex militar, mencion\u00f3<em> \u201cel nivel de hipocres\u00eda\u201d<\/em> del presidente Alberto Fern\u00e1ndez al poner en agenda la discusi\u00f3n sobre la <strong>legalizaci\u00f3n de la marihuana<\/strong>: <em>\u201cMa\u00f1ana voy a un municipio (La Madrid) que est\u00e1 empe\u00f1ado en ser un \u201cmunicipio cannabis\u201d y voy a decir lo que pienso en ese lugar\u201d.<\/em><\/p>\n<p>&nbsp;<\/p>\n<p>Por \u00faltimo, Centuri\u00f3n habl\u00f3 del nivel de importancia que constituye el\u00a0<em>\u201celectorado joven\u201d<\/em> en su partido:<strong><em> \u201cm\u00e1s del 30 por ciento de nuestro voto en el 2019 fue voto joven\u201d.<\/em><\/strong><\/p>\n","protected":false},"excerpt":{"rendered":"<p>El precandidato a diputado nacional estuvo en Olavarr\u00eda y realiz\u00f3 un acto en el parque del Bicentenario. Se opuso a<\/p>\n","protected":false},"author":5,"featured_media":30056,"comment_status":"closed","ping_status":"closed","sticky":false,"template":"","format":"standard","meta":{"_jetpack_memberships_contains_paid_content":false,"footnotes":""},"categories":[4,1],"tags":[],"class_list":["post-30059","post","type-post","status-publish","format-standard","has-post-thumbnail","hentry","category-politica","category-portada"],"jetpack_featured_media_url":"https:\/\/i0.wp.com\/cdnoticias.com\/wp-content\/uploads\/2021\/08\/gomez-centurion02.jpg?fit=800%2C445&ssl=1","jetpack_sharing_enabled":true,"_links":{"self":[{"href":"https:\/\/cdnoticias.com\/index.php\/wp-json\/wp\/v2\/posts\/30059","targetHints":{"allow":["GET"]}}],"collection":[{"href":"https:\/\/cdnoticias.com\/index.php\/wp-json\/wp\/v2\/posts"}],"about":[{"href":"https:\/\/cdnoticias.com\/index.php\/wp-json\/wp\/v2\/types\/post"}],"author":[{"embeddable":true,"href":"https:\/\/cdnoticias.com\/index.php\/wp-json\/wp\/v2\/users\/5"}],"replies":[{"embeddable":true,"href":"https:\/\/cdnoticias.com\/index.php\/wp-json\/wp\/v2\/comments?post=30059"}],"version-history":[{"count":0,"href":"https:\/\/cdnoticias.com\/index.php\/wp-json\/wp\/v2\/posts\/30059\/revisions"}],"wp:featuredmedia":[{"embeddable":true,"href":"https:\/\/cdnoticias.com\/index.php\/wp-json\/wp\/v2\/media\/30056"}],"wp:attachment":[{"href":"https:\/\/cdnoticias.com\/index.php\/wp-json\/wp\/v2\/media?parent=30059"}],"wp:term":[{"taxonomy":"category","embeddable":true,"href":"https:\/\/cdnoticias.com\/index.php\/wp-json\/wp\/v2\/categories?post=30059"},{"taxonomy":"post_tag","embeddable":true,"href":"https:\/\/cdnoticias.com\/index.php\/wp-json\/wp\/v2\/tags?post=30059"}],"curies":[{"name":"wp","href":"https:\/\/api.w.org\/{rel}","templated":true}]}}