{"id":30031,"date":"2021-08-18T19:50:13","date_gmt":"2021-08-18T22:50:13","guid":{"rendered":"http:\/\/www.centraldenoticias.com.ar\/?p=30031"},"modified":"2021-08-18T19:50:13","modified_gmt":"2021-08-18T22:50:13","slug":"violencia-de-genero-aprehendieron-a-un-hombre-que-golpeo-a-su-ex-pareja","status":"publish","type":"post","link":"https:\/\/cdnoticias.com\/index.php\/2021\/08\/18\/violencia-de-genero-aprehendieron-a-un-hombre-que-golpeo-a-su-ex-pareja\/","title":{"rendered":"Violencia de g\u00e9nero: aprehendieron a un hombre que golpe\u00f3 a su ex pareja"},"content":{"rendered":"<p>Adem\u00e1s intent\u00f3 agredir a los polic\u00edas que concurrieron al llamado de auxilio de la mujer. Se iniciaron diversas actuaciones.<!--more--><\/p>\n<hr \/>\n<p>Personal del Comando de Patrullas Olavarr\u00eda y de comisar\u00eda Segunda <strong>acudieron a un llamado de emergencia al 911 ante una situaci\u00f3n de violencia de g\u00e9nero.<\/strong> Al llegar al lugar, una mujer les cont\u00f3 que su pareja se encontraba en un auto fuera de su vivienda luego de haberla golpeado.<\/p>\n<p>&nbsp;<\/p>\n<p>Seg\u00fan indicaron, <strong>el hombre de 29 a\u00f1os se neg\u00f3 a ser identificado e intent\u00f3 agredir a lo polic\u00edas.<\/strong> De esta forma, fue aprehendido y trasladado a la sede de la comisar\u00eda Segunda a disposici\u00f3n de la fiscal\u00eda N\u00ba 5 especializada en Violencia de G\u00e9nero y Familiar, a cargo de la doctora Viviana Beyt\u00eda.<\/p>\n<p>&nbsp;<\/p>\n<p>Adem\u00e1s,<strong> al momento de la aprehensi\u00f3n se constat\u00f3 que el hombre ten\u00eda un frasco con marihuana<\/strong> por lo que se dio intervenci\u00f3n a la UFI N\u00ba 19 a cargo del doctor Lucas Moyano, precisamente la fiscal\u00eda en estupefacientes.<\/p>\n<p>&nbsp;<\/p>\n<p>Por otra parte, el veh\u00edculo en el que se encontraba el hombre presentaba varias irregularidades por lo que se le dio intervenci\u00f3n al <strong>Juzgado de Faltas.<\/strong><\/p>\n","protected":false},"excerpt":{"rendered":"<p>Adem\u00e1s intent\u00f3 agredir a los polic\u00edas que concurrieron al llamado de auxilio de la mujer. Se iniciaron diversas actuaciones.<\/p>\n","protected":false},"author":5,"featured_media":30034,"comment_status":"closed","ping_status":"closed","sticky":false,"template":"","format":"standard","meta":{"_jetpack_memberships_contains_paid_content":false,"footnotes":""},"categories":[14,1],"tags":[],"class_list":["post-30031","post","type-post","status-publish","format-standard","has-post-thumbnail","hentry","category-policiales","category-portada"],"jetpack_featured_media_url":"https:\/\/i0.wp.com\/cdnoticias.com\/wp-content\/uploads\/2021\/08\/WhatsApp-Image-2021-08-18-at-13.56.44.jpeg?fit=1600%2C1200&ssl=1","jetpack_sharing_enabled":true,"_links":{"self":[{"href":"https:\/\/cdnoticias.com\/index.php\/wp-json\/wp\/v2\/posts\/30031","targetHints":{"allow":["GET"]}}],"collection":[{"href":"https:\/\/cdnoticias.com\/index.php\/wp-json\/wp\/v2\/posts"}],"about":[{"href":"https:\/\/cdnoticias.com\/index.php\/wp-json\/wp\/v2\/types\/post"}],"author":[{"embeddable":true,"href":"https:\/\/cdnoticias.com\/index.php\/wp-json\/wp\/v2\/users\/5"}],"replies":[{"embeddable":true,"href":"https:\/\/cdnoticias.com\/index.php\/wp-json\/wp\/v2\/comments?post=30031"}],"version-history":[{"count":0,"href":"https:\/\/cdnoticias.com\/index.php\/wp-json\/wp\/v2\/posts\/30031\/revisions"}],"wp:featuredmedia":[{"embeddable":true,"href":"https:\/\/cdnoticias.com\/index.php\/wp-json\/wp\/v2\/media\/30034"}],"wp:attachment":[{"href":"https:\/\/cdnoticias.com\/index.php\/wp-json\/wp\/v2\/media?parent=30031"}],"wp:term":[{"taxonomy":"category","embeddable":true,"href":"https:\/\/cdnoticias.com\/index.php\/wp-json\/wp\/v2\/categories?post=30031"},{"taxonomy":"post_tag","embeddable":true,"href":"https:\/\/cdnoticias.com\/index.php\/wp-json\/wp\/v2\/tags?post=30031"}],"curies":[{"name":"wp","href":"https:\/\/api.w.org\/{rel}","templated":true}]}}