{"id":30015,"date":"2021-08-18T15:33:10","date_gmt":"2021-08-18T18:33:10","guid":{"rendered":"http:\/\/www.centraldenoticias.com.ar\/?p=30015"},"modified":"2021-08-18T16:08:09","modified_gmt":"2021-08-18T19:08:09","slug":"importantes-obras-en-la-facultad-de-ciencias-sociales-y-en-el-centro-cultural-universitario","status":"publish","type":"post","link":"https:\/\/cdnoticias.com\/index.php\/2021\/08\/18\/importantes-obras-en-la-facultad-de-ciencias-sociales-y-en-el-centro-cultural-universitario\/","title":{"rendered":"Importantes obras en la Facultad de Ciencias Sociales y en el Centro Cultural Universitario"},"content":{"rendered":"<p>La inversi\u00f3n realizada supera los 3.400.000 pesos y fue destinada a mejorar las condiciones edilicias y la adquisici\u00f3n de equipamiento y tecnolog\u00edas.<!--more--><\/p>\n<hr \/>\n<p>La Facultad de Ciencias Sociales a trav\u00e9s de la Universidad Nacional del Centro lleva adelante tareas de mejora en distintos sectores de la <strong>sede ubicada en avenida Del Valle 5737<\/strong>, en el Complejo Universitario Olavarr\u00eda, como as\u00ed tambi\u00e9n en el <strong>Centro Cultural Universitario (CCU) de San Mart\u00edn 1955.<\/strong><\/p>\n<p>&nbsp;<\/p>\n<p>Adem\u00e1s de las obras en estos edificios,<strong> fueron adquiridos equipamientos tecnol\u00f3gicos<\/strong> para acondicionar las aulas que se utilizar\u00e1n cuando se retomen las clases presenciales.<\/p>\n<p>&nbsp;<\/p>\n<p>La inversi\u00f3n total supera los<strong> 3.400.000 pesos.<\/strong> Por una parte se llevaron adelante obras de mejora y acondicionamiento en los sectores de Mesa de Entradas y Oficina de Alumnos y se realizaron importantes trabajos para brindar climatizaci\u00f3n a un sector del edificio de la FACSO.<\/p>\n<p>&nbsp;<\/p>\n<p><img data-recalc-dims=\"1\" loading=\"lazy\" decoding=\"async\" class=\"alignnone size-full wp-image-30017\" src=\"https:\/\/i0.wp.com\/cdnoticias.com\/wp-content\/uploads\/2021\/08\/alumnos.jpg?resize=800%2C461&#038;ssl=1\" alt=\"\" width=\"800\" height=\"461\" srcset=\"https:\/\/i0.wp.com\/cdnoticias.com\/wp-content\/uploads\/2021\/08\/alumnos.jpg?w=1500&amp;ssl=1 1500w, https:\/\/i0.wp.com\/cdnoticias.com\/wp-content\/uploads\/2021\/08\/alumnos.jpg?resize=300%2C173&amp;ssl=1 300w, https:\/\/i0.wp.com\/cdnoticias.com\/wp-content\/uploads\/2021\/08\/alumnos.jpg?resize=768%2C442&amp;ssl=1 768w, https:\/\/i0.wp.com\/cdnoticias.com\/wp-content\/uploads\/2021\/08\/alumnos.jpg?resize=1024%2C590&amp;ssl=1 1024w\" sizes=\"auto, (max-width: 800px) 100vw, 800px\" \/><\/p>\n<p>&nbsp;<\/p>\n<p>Asimismo se adquiri\u00f3<strong> equipamiento inform\u00e1tico, como computadoras, Smart-TV y otros insumos, parte de los que ser\u00e1n destinados a acondicionar las aulas que ser\u00e1n adaptadas para brindar clases bajo la modalidad h\u00edbrida<\/strong> en el marco del plan de retorno a la presencialidad.<\/p>\n<p>&nbsp;<\/p>\n<p><strong>Centro Cultural Universitario<\/strong><\/p>\n<p>&nbsp;<\/p>\n<p>Por otra parte, las obras de reforma y ampliaci\u00f3n realizadas en el CCU nacen de un diagn\u00f3stico realizado en relaci\u00f3n a las actividades llevadas adelante durante el a\u00f1o 2019, en torno a la Sala de Proyecci\u00f3n del Centro Cultural y otros sectores.<\/p>\n<p>&nbsp;<\/p>\n<p>Acerca de la <strong>Sala INCAA del CCU<\/strong>, las nuevas obras permitir\u00e1n ampliar la capacidad de gente que pueda ingresar al lugar y que pueda brindar mayor comodidad, adem\u00e1s de las mejoras en la ac\u00fastica del espacio. El prop\u00f3sito es tambi\u00e9n, a partir de estas mejoras, desarrollar <strong>nuevos proyectos que no s\u00f3lo impliquen proyecciones audiovisuales.<\/strong><\/p>\n<p>&nbsp;<\/p>\n<p><img data-recalc-dims=\"1\" loading=\"lazy\" decoding=\"async\" class=\"alignnone size-full wp-image-30016\" src=\"https:\/\/i0.wp.com\/cdnoticias.com\/wp-content\/uploads\/2021\/08\/CCU.jpg?resize=800%2C450&#038;ssl=1\" alt=\"\" width=\"800\" height=\"450\" srcset=\"https:\/\/i0.wp.com\/cdnoticias.com\/wp-content\/uploads\/2021\/08\/CCU.jpg?w=1200&amp;ssl=1 1200w, https:\/\/i0.wp.com\/cdnoticias.com\/wp-content\/uploads\/2021\/08\/CCU.jpg?resize=300%2C169&amp;ssl=1 300w, https:\/\/i0.wp.com\/cdnoticias.com\/wp-content\/uploads\/2021\/08\/CCU.jpg?resize=768%2C432&amp;ssl=1 768w, https:\/\/i0.wp.com\/cdnoticias.com\/wp-content\/uploads\/2021\/08\/CCU.jpg?resize=1024%2C576&amp;ssl=1 1024w\" sizes=\"auto, (max-width: 800px) 100vw, 800px\" \/><\/p>\n<p>&nbsp;<\/p>\n<p>Asimismo se colocaron<strong> nuevas luminarias en el patio verde y una tarima para poder usar el espacio para presentaciones de espect\u00e1culos en vivo,<\/strong> situaci\u00f3n que depender\u00e1 de las disposiciones por la emergencia sanitaria.<\/p>\n<p>&nbsp;<\/p>\n<p>Finalmente se hicieron otras obras menores, como la<strong> restauraci\u00f3n de la fachada del CCU y tareas de mantenimiento.<\/strong><\/p>\n","protected":false},"excerpt":{"rendered":"<p>La inversi\u00f3n realizada supera los 3.400.000 pesos y fue destinada a mejorar las condiciones edilicias y la adquisici\u00f3n de equipamiento<\/p>\n","protected":false},"author":5,"featured_media":30018,"comment_status":"closed","ping_status":"closed","sticky":false,"template":"","format":"standard","meta":{"_jetpack_memberships_contains_paid_content":false,"footnotes":""},"categories":[5,1],"tags":[],"class_list":["post-30015","post","type-post","status-publish","format-standard","has-post-thumbnail","hentry","category-informacion-general","category-portada"],"jetpack_featured_media_url":"https:\/\/i0.wp.com\/cdnoticias.com\/wp-content\/uploads\/2021\/08\/Sede-Facultad.jpg?fit=1500%2C867&ssl=1","jetpack_sharing_enabled":true,"_links":{"self":[{"href":"https:\/\/cdnoticias.com\/index.php\/wp-json\/wp\/v2\/posts\/30015","targetHints":{"allow":["GET"]}}],"collection":[{"href":"https:\/\/cdnoticias.com\/index.php\/wp-json\/wp\/v2\/posts"}],"about":[{"href":"https:\/\/cdnoticias.com\/index.php\/wp-json\/wp\/v2\/types\/post"}],"author":[{"embeddable":true,"href":"https:\/\/cdnoticias.com\/index.php\/wp-json\/wp\/v2\/users\/5"}],"replies":[{"embeddable":true,"href":"https:\/\/cdnoticias.com\/index.php\/wp-json\/wp\/v2\/comments?post=30015"}],"version-history":[{"count":0,"href":"https:\/\/cdnoticias.com\/index.php\/wp-json\/wp\/v2\/posts\/30015\/revisions"}],"wp:featuredmedia":[{"embeddable":true,"href":"https:\/\/cdnoticias.com\/index.php\/wp-json\/wp\/v2\/media\/30018"}],"wp:attachment":[{"href":"https:\/\/cdnoticias.com\/index.php\/wp-json\/wp\/v2\/media?parent=30015"}],"wp:term":[{"taxonomy":"category","embeddable":true,"href":"https:\/\/cdnoticias.com\/index.php\/wp-json\/wp\/v2\/categories?post=30015"},{"taxonomy":"post_tag","embeddable":true,"href":"https:\/\/cdnoticias.com\/index.php\/wp-json\/wp\/v2\/tags?post=30015"}],"curies":[{"name":"wp","href":"https:\/\/api.w.org\/{rel}","templated":true}]}}