{"id":30000,"date":"2021-08-18T15:21:02","date_gmt":"2021-08-18T18:21:02","guid":{"rendered":"http:\/\/www.centraldenoticias.com.ar\/?p=30000"},"modified":"2021-08-18T15:33:40","modified_gmt":"2021-08-18T18:33:40","slug":"el-polo-obrero-y-la-mesa-de-emergencia-se-manifestaron-en-la-municipalidad-y-en-anses","status":"publish","type":"post","link":"https:\/\/cdnoticias.com\/index.php\/2021\/08\/18\/el-polo-obrero-y-la-mesa-de-emergencia-se-manifestaron-en-la-municipalidad-y-en-anses\/","title":{"rendered":"El Polo Obrero y la Mesa de Emergencia se manifestaron en la Municipalidad y en Anses"},"content":{"rendered":"<p>Entregaron una nota dirigida a Diego Robbiani y no pudieron contactar a Jos\u00e9 Aranze, el titular de la sede local de Desarrollo Social de la Naci\u00f3n.<\/p>\n<p><!--more--><\/p>\n<hr \/>\n<p><strong>Este mi\u00e9rcoles se desarroll\u00f3 una manifestaci\u00f3n que encabezaron el Polo Obrero y la Mesa de Emergencia en Olavarr\u00eda<\/strong>. Las organizaciones hab\u00edan adelantado la actividad y se\u00f1alaron que se enmarcaba en la <a href=\"https:\/\/cdnoticias.com\/index.php\/2021\/08\/18\/manifestacion-del-polo-obrero-y-la-mesa-de-emergencia\/\" target=\"_blank\" rel=\"noopener\">jornada nacional de protesta convocada por el Frente de Unidad Piquetera<\/a>.<\/p>\n<p>&nbsp;<\/p>\n<p>Los reclamos centrales fueron: <strong>\u201ctrabajo genuino\u201d<\/strong> y <strong>\u201cning\u00fan salario por debajo de la l\u00ednea de pobreza\u201d<\/strong>.<\/p>\n<p>&nbsp;<\/p>\n<p>En el plano local,<strong> la manifestaci\u00f3n se concentr\u00f3 frente al Palacio Municipal<\/strong> donde entregaron un petitorio dirigido al secretario de Desarrollo Humano, Diego Robbiani, y luego <strong>marcharon por calles c\u00e9ntricas<\/strong> hasta <strong>Anses, donde intentaron ubicar al titular de la sede local de Desarrollo Social de la Naci\u00f3n, Jos\u00e9 Aranze<\/strong>.<\/p>\n<p><img data-recalc-dims=\"1\" loading=\"lazy\" decoding=\"async\" class=\"size-full wp-image-30003 aligncenter\" src=\"https:\/\/i0.wp.com\/cdnoticias.com\/wp-content\/uploads\/2021\/08\/manifestacion-polo-obrero-mesa-de-emergencia-06.jpg?resize=800%2C445&#038;ssl=1\" alt=\"\" width=\"800\" height=\"445\" srcset=\"https:\/\/i0.wp.com\/cdnoticias.com\/wp-content\/uploads\/2021\/08\/manifestacion-polo-obrero-mesa-de-emergencia-06.jpg?w=800&amp;ssl=1 800w, https:\/\/i0.wp.com\/cdnoticias.com\/wp-content\/uploads\/2021\/08\/manifestacion-polo-obrero-mesa-de-emergencia-06.jpg?resize=300%2C167&amp;ssl=1 300w, https:\/\/i0.wp.com\/cdnoticias.com\/wp-content\/uploads\/2021\/08\/manifestacion-polo-obrero-mesa-de-emergencia-06.jpg?resize=768%2C427&amp;ssl=1 768w\" sizes=\"auto, (max-width: 800px) 100vw, 800px\" \/><\/p>\n<p>&nbsp;<\/p>\n<p>En estas oficinas\u00a0<strong>no pudieron obtener una forma de contacto con el funcionario<\/strong> ya que, cabe se\u00f1alar, la dependencia no tiene sede f\u00edsica en Olavarr\u00eda.<\/p>\n<p>&nbsp;<\/p>\n<p><strong>Central de Noticias<\/strong> habl\u00f3 con <strong>Mart\u00edn Roldan, de la Mesa de Emergencia<\/strong>, quien expres\u00f3 que la manifestaci\u00f3n comenz\u00f3 frente al Palacio San Mart\u00edn <strong>\u201cya que tenemos reclamos sociales que datan del a\u00f1o 2018 y Robbiani no ha cumplido\u201d<\/strong>.<\/p>\n<p>&nbsp;<\/p>\n<blockquote><p>\u201cLos reclamos son de vivienda, de salud, de alimentaci\u00f3n y tambi\u00e9n de trabajo porque se pidi\u00f3 al Municipio que promueva el trabajo en la econom\u00eda popular\u201d enumer\u00f3.<\/p><\/blockquote>\n<p>&nbsp;<\/p>\n<p><img data-recalc-dims=\"1\" loading=\"lazy\" decoding=\"async\" class=\"size-full wp-image-30005 aligncenter\" src=\"https:\/\/i0.wp.com\/cdnoticias.com\/wp-content\/uploads\/2021\/08\/manifestacion-polo-obrero-mesa-de-emergencia-02.jpg?resize=800%2C445&#038;ssl=1\" alt=\"\" width=\"800\" height=\"445\" srcset=\"https:\/\/i0.wp.com\/cdnoticias.com\/wp-content\/uploads\/2021\/08\/manifestacion-polo-obrero-mesa-de-emergencia-02.jpg?w=800&amp;ssl=1 800w, https:\/\/i0.wp.com\/cdnoticias.com\/wp-content\/uploads\/2021\/08\/manifestacion-polo-obrero-mesa-de-emergencia-02.jpg?resize=300%2C167&amp;ssl=1 300w, https:\/\/i0.wp.com\/cdnoticias.com\/wp-content\/uploads\/2021\/08\/manifestacion-polo-obrero-mesa-de-emergencia-02.jpg?resize=768%2C427&amp;ssl=1 768w\" sizes=\"auto, (max-width: 800px) 100vw, 800px\" \/><\/p>\n<p>&nbsp;<\/p>\n<p>En cuanto a la movilizaci\u00f3n frente a <strong>Anses explic\u00f3 que \u201ces la \u00fanica dependencia nacional que tenemos en Olavarr\u00eda y esperamos hablar con Jos\u00e9 Aranze<\/strong>. Necesitamos hablar con \u00e9l porque es el \u00fanico representante de Desarrollo Social de la Naci\u00f3n y no tiene sede. Vinimos a pedirle a sus compa\u00f1eros a nivel nacional que lo llamen y nos atienda\u201d.<\/p>\n<p>&nbsp;<\/p>\n<p>Si bien el personal de Anses atendi\u00f3 y respondi\u00f3 ante las consultas de los manifestantes,<strong> no pudieron dialogar con Jos\u00e9 Aranze ni tampoco fue convocado<\/strong>.<\/p>\n<p>&nbsp;<\/p>\n<p><strong>Yessica Almeida<\/strong>, <strong>precandidata a concejal del Frente de Izquierda<\/strong>, fue consultada por la demanda de <strong>asistencia a los comedores barriales<\/strong>. \u201cEn casi todos los barrios que se organizan de manera independiente, con organizaciones como el Polo o la Mesa de Emergencia, <strong>se maneja todo a pulm\u00f3n<\/strong>. Los vecinos y vecinas que ven\u00edan colaborando, con el ajuste brutal que sufrimos, donde los salarios se deprecian d\u00eda a d\u00eda, han reducido su colaboraci\u00f3n. Eso hace que <strong>cada vez sea m\u00e1s dif\u00edcil garantizar la vianda en los barrios a los que se lleva<\/strong>\u201d expuso.<\/p>\n<p>&nbsp;<\/p>\n<p><img data-recalc-dims=\"1\" loading=\"lazy\" decoding=\"async\" class=\"size-full wp-image-30006 aligncenter\" src=\"https:\/\/i0.wp.com\/cdnoticias.com\/wp-content\/uploads\/2021\/08\/manifestacion-polo-obrero-mesa-de-emergencia-05.jpg?resize=800%2C445&#038;ssl=1\" alt=\"\" width=\"800\" height=\"445\" srcset=\"https:\/\/i0.wp.com\/cdnoticias.com\/wp-content\/uploads\/2021\/08\/manifestacion-polo-obrero-mesa-de-emergencia-05.jpg?w=800&amp;ssl=1 800w, https:\/\/i0.wp.com\/cdnoticias.com\/wp-content\/uploads\/2021\/08\/manifestacion-polo-obrero-mesa-de-emergencia-05.jpg?resize=300%2C167&amp;ssl=1 300w, https:\/\/i0.wp.com\/cdnoticias.com\/wp-content\/uploads\/2021\/08\/manifestacion-polo-obrero-mesa-de-emergencia-05.jpg?resize=768%2C427&amp;ssl=1 768w\" sizes=\"auto, (max-width: 800px) 100vw, 800px\" \/><\/p>\n<p>&nbsp;<\/p>\n<blockquote><p>\u201cDesde Naci\u00f3n todav\u00eda no dan asistencia concreta. Reci\u00e9n ahora se conquist\u00f3 una boca en Olavarr\u00eda para los comedores del Polo, pero son solo alimentos secos. La gente no vive comiendo harina, arroz y lenteja partida. Y el Municipio se desentiende totalmente, lo sabemos todos, es una denuncia sistem\u00e1tica: entregan alimentos frescos, carne, leche, verdura, pero solo a quienes son del palo\u201d a\u00f1adi\u00f3.<\/p><\/blockquote>\n<p>&nbsp;<\/p>\n<p>Almeida tuvo en cuenta que \u201cno es de ahora es una pr\u00e1ctica habitual de los gobiernos, sea quien sea quien est\u00e9 de turno\u201d.<\/p>\n<p>&nbsp;<\/p>\n<p>M\u00e1s adelante cont\u00f3 tambi\u00e9n la situaci\u00f3n de quienes reciben planes otorgados por organismos nacionales: \u201ctenemos 18 compa\u00f1eros que deber\u00edan comenzar a cobrar este mes pero el Gobierno todav\u00eda no ha depositado la suma\u201d inform\u00f3.<\/p>\n<p><img data-recalc-dims=\"1\" loading=\"lazy\" decoding=\"async\" class=\"alignnone size-large wp-image-30007\" src=\"https:\/\/i0.wp.com\/cdnoticias.com\/wp-content\/uploads\/2021\/08\/manifestacion-polo-obrero-mesa-de-emergencia-03.jpg?resize=800%2C445&#038;ssl=1\" alt=\"\" width=\"800\" height=\"445\" srcset=\"https:\/\/i0.wp.com\/cdnoticias.com\/wp-content\/uploads\/2021\/08\/manifestacion-polo-obrero-mesa-de-emergencia-03.jpg?w=800&amp;ssl=1 800w, https:\/\/i0.wp.com\/cdnoticias.com\/wp-content\/uploads\/2021\/08\/manifestacion-polo-obrero-mesa-de-emergencia-03.jpg?resize=300%2C167&amp;ssl=1 300w, https:\/\/i0.wp.com\/cdnoticias.com\/wp-content\/uploads\/2021\/08\/manifestacion-polo-obrero-mesa-de-emergencia-03.jpg?resize=768%2C427&amp;ssl=1 768w\" sizes=\"auto, (max-width: 800px) 100vw, 800px\" \/><\/p>\n<p><img data-recalc-dims=\"1\" loading=\"lazy\" decoding=\"async\" class=\"alignnone size-large wp-image-30008\" src=\"https:\/\/i0.wp.com\/cdnoticias.com\/wp-content\/uploads\/2021\/08\/manifestacion-polo-obrero-mesa-de-emergencia-00.jpg?resize=800%2C445&#038;ssl=1\" alt=\"\" width=\"800\" height=\"445\" srcset=\"https:\/\/i0.wp.com\/cdnoticias.com\/wp-content\/uploads\/2021\/08\/manifestacion-polo-obrero-mesa-de-emergencia-00.jpg?w=800&amp;ssl=1 800w, https:\/\/i0.wp.com\/cdnoticias.com\/wp-content\/uploads\/2021\/08\/manifestacion-polo-obrero-mesa-de-emergencia-00.jpg?resize=300%2C167&amp;ssl=1 300w, https:\/\/i0.wp.com\/cdnoticias.com\/wp-content\/uploads\/2021\/08\/manifestacion-polo-obrero-mesa-de-emergencia-00.jpg?resize=768%2C427&amp;ssl=1 768w\" sizes=\"auto, (max-width: 800px) 100vw, 800px\" \/><\/p>\n","protected":false},"excerpt":{"rendered":"<p>Entregaron una nota dirigida a Diego Robbiani y no pudieron contactar a Jos\u00e9 Aranze, el titular de la sede local<\/p>\n","protected":false},"author":4,"featured_media":30002,"comment_status":"closed","ping_status":"closed","sticky":false,"template":"","format":"standard","meta":{"_jetpack_memberships_contains_paid_content":false,"footnotes":""},"categories":[4,1],"tags":[],"class_list":["post-30000","post","type-post","status-publish","format-standard","has-post-thumbnail","hentry","category-politica","category-portada"],"jetpack_featured_media_url":"https:\/\/i0.wp.com\/cdnoticias.com\/wp-content\/uploads\/2021\/08\/manifestacion-polo-obrero-mesa-de-emergencia-00a.jpg?fit=800%2C445&ssl=1","jetpack_sharing_enabled":true,"_links":{"self":[{"href":"https:\/\/cdnoticias.com\/index.php\/wp-json\/wp\/v2\/posts\/30000","targetHints":{"allow":["GET"]}}],"collection":[{"href":"https:\/\/cdnoticias.com\/index.php\/wp-json\/wp\/v2\/posts"}],"about":[{"href":"https:\/\/cdnoticias.com\/index.php\/wp-json\/wp\/v2\/types\/post"}],"author":[{"embeddable":true,"href":"https:\/\/cdnoticias.com\/index.php\/wp-json\/wp\/v2\/users\/4"}],"replies":[{"embeddable":true,"href":"https:\/\/cdnoticias.com\/index.php\/wp-json\/wp\/v2\/comments?post=30000"}],"version-history":[{"count":0,"href":"https:\/\/cdnoticias.com\/index.php\/wp-json\/wp\/v2\/posts\/30000\/revisions"}],"wp:featuredmedia":[{"embeddable":true,"href":"https:\/\/cdnoticias.com\/index.php\/wp-json\/wp\/v2\/media\/30002"}],"wp:attachment":[{"href":"https:\/\/cdnoticias.com\/index.php\/wp-json\/wp\/v2\/media?parent=30000"}],"wp:term":[{"taxonomy":"category","embeddable":true,"href":"https:\/\/cdnoticias.com\/index.php\/wp-json\/wp\/v2\/categories?post=30000"},{"taxonomy":"post_tag","embeddable":true,"href":"https:\/\/cdnoticias.com\/index.php\/wp-json\/wp\/v2\/tags?post=30000"}],"curies":[{"name":"wp","href":"https:\/\/api.w.org\/{rel}","templated":true}]}}