{"id":29996,"date":"2021-08-18T11:59:17","date_gmt":"2021-08-18T14:59:17","guid":{"rendered":"http:\/\/www.centraldenoticias.com.ar\/?p=29996"},"modified":"2021-08-18T11:59:17","modified_gmt":"2021-08-18T14:59:17","slug":"elba-gemma-lopez-viuda-de-farias-tota-q-e-p-d","status":"publish","type":"post","link":"https:\/\/cdnoticias.com\/index.php\/2021\/08\/18\/elba-gemma-lopez-viuda-de-farias-tota-q-e-p-d\/","title":{"rendered":"Elba Gemma Lopez viuda de Farias &#8221;Tota&#8221; (Q.E.P.D.)"},"content":{"rendered":"<p>Falleci\u00f3 en Olavarr\u00eda el d\u00eda 18 de agosto de 2021 a los 96 a\u00f1os de edad.<\/p>\n<p>&nbsp;<\/p>\n<p>Sus hijos, sus hijos pol\u00edticos, nietos y dem\u00e1s deudos participan de su fallecimiento.<\/p>\n<p>&nbsp;<\/p>\n<p>Sin velatorio. Responso: Cementerio Loma de Paz. Inhumaci\u00f3n: Cementerio Loma de Paz, mi\u00e9rcoles 18 a las 16:30. Servicio adherido a Coopelectric.<\/p>\n<p>&nbsp;<\/p>\n<p>Barrio en el que viv\u00eda: Sarmiento<\/p>\n<p>&nbsp;<\/p>\n<p>Lugar de nacimiento: San Jorge<\/p>\n","protected":false},"excerpt":{"rendered":"<p>Falleci\u00f3 en Olavarr\u00eda el d\u00eda 18 de agosto de 2021 a los 96 a\u00f1os de edad. &nbsp; Sus hijos, sus<\/p>\n","protected":false},"author":4,"featured_media":0,"comment_status":"closed","ping_status":"closed","sticky":false,"template":"","format":"standard","meta":{"_jetpack_memberships_contains_paid_content":false,"footnotes":""},"categories":[10],"tags":[],"class_list":["post-29996","post","type-post","status-publish","format-standard","hentry","category-necrologicas"],"jetpack_featured_media_url":"","jetpack_sharing_enabled":true,"_links":{"self":[{"href":"https:\/\/cdnoticias.com\/index.php\/wp-json\/wp\/v2\/posts\/29996","targetHints":{"allow":["GET"]}}],"collection":[{"href":"https:\/\/cdnoticias.com\/index.php\/wp-json\/wp\/v2\/posts"}],"about":[{"href":"https:\/\/cdnoticias.com\/index.php\/wp-json\/wp\/v2\/types\/post"}],"author":[{"embeddable":true,"href":"https:\/\/cdnoticias.com\/index.php\/wp-json\/wp\/v2\/users\/4"}],"replies":[{"embeddable":true,"href":"https:\/\/cdnoticias.com\/index.php\/wp-json\/wp\/v2\/comments?post=29996"}],"version-history":[{"count":0,"href":"https:\/\/cdnoticias.com\/index.php\/wp-json\/wp\/v2\/posts\/29996\/revisions"}],"wp:attachment":[{"href":"https:\/\/cdnoticias.com\/index.php\/wp-json\/wp\/v2\/media?parent=29996"}],"wp:term":[{"taxonomy":"category","embeddable":true,"href":"https:\/\/cdnoticias.com\/index.php\/wp-json\/wp\/v2\/categories?post=29996"},{"taxonomy":"post_tag","embeddable":true,"href":"https:\/\/cdnoticias.com\/index.php\/wp-json\/wp\/v2\/tags?post=29996"}],"curies":[{"name":"wp","href":"https:\/\/api.w.org\/{rel}","templated":true}]}}