{"id":29977,"date":"2021-08-18T08:47:40","date_gmt":"2021-08-18T11:47:40","guid":{"rendered":"http:\/\/www.centraldenoticias.com.ar\/?p=29977"},"modified":"2021-08-18T11:01:01","modified_gmt":"2021-08-18T14:01:01","slug":"manifestacion-del-polo-obrero-y-la-mesa-de-emergencia","status":"publish","type":"post","link":"https:\/\/cdnoticias.com\/index.php\/2021\/08\/18\/manifestacion-del-polo-obrero-y-la-mesa-de-emergencia\/","title":{"rendered":"Manifestaci\u00f3n del Polo Obrero y la Mesa de Emergencia"},"content":{"rendered":"<p>Desde las 10 de este mi\u00e9rcoles, frente al Palacio Municipal. Reclaman \u201casistencia integral a los comedores\u201d por el Municipio, a cargo Diego Robbiani, y tambi\u00e9n al \u00e1rea nacional, a cargo de Jos\u00e9 Aranze.<!--more--><\/p>\n<hr \/>\n<p><strong>Este mi\u00e9rcoles el Polo Obrero en conjunto con organizaciones de la Mesa de Emergencia se manifestar\u00e1n en la plaza central, frente al Palacio Municipal, desde las 10<\/strong>.<\/p>\n<p>&nbsp;<\/p>\n<p>Esta movilizaci\u00f3n se da en el marco de una jornada nacional convocada por el <strong>Frente de Unidad Piquetera<\/strong>. Los reclamos centrales, tal como se expresaron, con \u201ctrabajo genuino, ning\u00fan salario por debajo de la l\u00ednea de pobreza\u201d.<\/p>\n<p>&nbsp;<\/p>\n<blockquote><p>\u201cEn lo local, mantenemos los reclamos a (Ezequiel) Galli y (Diego) Robbiani de la asistencia integral a los comedores y merenderos populares. Junto con eso, reclamaremos la presencia de Jos\u00e9 Aranze, referente del Ministerio de Desarrollo Social en Olavarr\u00eda a quien las organizaciones sociales independientes le venimos pidiendo que nos\u00a0atienda\u201d se inform\u00f3 desde el \u00e1mbito de Olavarr\u00eda.<\/p><\/blockquote>\n<p>&nbsp;<\/p>\n<p>En referencia a Aranze se indic\u00f3 que \u201cen dos a\u00f1os que lleva de gesti\u00f3n este funcionario se ha negado a recibir, conversar y abordar los problemas que enfrentamos. <strong>Solo ha viabilizado recursos para las que organizaciones integradas al gobierno del Frente de Todos<\/strong>, discriminando a la mayor\u00eda de organizaciones y vecinos que atendemos la cuesti\u00f3n social en Olavarr\u00eda\u201d.<\/p>\n<p>&nbsp;<\/p>\n<p>En cuanto al reclamo nacional se expres\u00f3 que \u201cnadie puede negar la realidad social que sufrimos lxs trabajadores: <strong>salarios muy por debajo de la canasta b\u00e1sica, jubilaciones de miseria y programas sociales que no cubren ni la mitad del ingreso de la l\u00ednea de indigencia<\/strong>\u201d.<\/p>\n","protected":false},"excerpt":{"rendered":"<p>Desde las 10 de este mi\u00e9rcoles, frente al Palacio Municipal. Reclaman \u201casistencia integral a los comedores\u201d por el Municipio, a<\/p>\n","protected":false},"author":4,"featured_media":29979,"comment_status":"closed","ping_status":"closed","sticky":false,"template":"","format":"standard","meta":{"_jetpack_memberships_contains_paid_content":false,"footnotes":""},"categories":[4,1],"tags":[],"class_list":["post-29977","post","type-post","status-publish","format-standard","has-post-thumbnail","hentry","category-politica","category-portada"],"jetpack_featured_media_url":"https:\/\/i0.wp.com\/cdnoticias.com\/wp-content\/uploads\/2021\/08\/polo-obrero00.jpg?fit=800%2C445&ssl=1","jetpack_sharing_enabled":true,"_links":{"self":[{"href":"https:\/\/cdnoticias.com\/index.php\/wp-json\/wp\/v2\/posts\/29977","targetHints":{"allow":["GET"]}}],"collection":[{"href":"https:\/\/cdnoticias.com\/index.php\/wp-json\/wp\/v2\/posts"}],"about":[{"href":"https:\/\/cdnoticias.com\/index.php\/wp-json\/wp\/v2\/types\/post"}],"author":[{"embeddable":true,"href":"https:\/\/cdnoticias.com\/index.php\/wp-json\/wp\/v2\/users\/4"}],"replies":[{"embeddable":true,"href":"https:\/\/cdnoticias.com\/index.php\/wp-json\/wp\/v2\/comments?post=29977"}],"version-history":[{"count":0,"href":"https:\/\/cdnoticias.com\/index.php\/wp-json\/wp\/v2\/posts\/29977\/revisions"}],"wp:featuredmedia":[{"embeddable":true,"href":"https:\/\/cdnoticias.com\/index.php\/wp-json\/wp\/v2\/media\/29979"}],"wp:attachment":[{"href":"https:\/\/cdnoticias.com\/index.php\/wp-json\/wp\/v2\/media?parent=29977"}],"wp:term":[{"taxonomy":"category","embeddable":true,"href":"https:\/\/cdnoticias.com\/index.php\/wp-json\/wp\/v2\/categories?post=29977"},{"taxonomy":"post_tag","embeddable":true,"href":"https:\/\/cdnoticias.com\/index.php\/wp-json\/wp\/v2\/tags?post=29977"}],"curies":[{"name":"wp","href":"https:\/\/api.w.org\/{rel}","templated":true}]}}