{"id":29928,"date":"2021-08-17T18:00:31","date_gmt":"2021-08-17T21:00:31","guid":{"rendered":"http:\/\/www.centraldenoticias.com.ar\/?p=29928"},"modified":"2021-08-17T18:03:49","modified_gmt":"2021-08-17T21:03:49","slug":"se-realizo-el-acto-por-el-aniversario-del-fallecimiento-del-general-san-martin","status":"publish","type":"post","link":"https:\/\/cdnoticias.com\/index.php\/2021\/08\/17\/se-realizo-el-acto-por-el-aniversario-del-fallecimiento-del-general-san-martin\/","title":{"rendered":"Se realiz\u00f3 el acto por el Aniversario del fallecimiento del General San Mart\u00edn"},"content":{"rendered":"<p>En la tarde de este martes, el intendente Ezequiel Galli encabez\u00f3 el acto por el 171\u00ba Aniversario del General Jos\u00e9 Francisco de San Mart\u00edn.<br \/>\n<!--more--><\/p>\n<hr \/>\n<p>El <strong>intendente Ezequiel Galli<\/strong>, encabez\u00f3 en la tarde de este martes, <strong>el acto por el 171\u00ba Aniversario del General Jos\u00e9 Francisco de San Mart\u00edn<\/strong>. El mismo fue <strong>organizado por la Municipalidad, la Asociaci\u00f3n Cultural Sanmartiniana y la Guarnici\u00f3n Ej\u00e9rcito Olavarr\u00eda.<\/strong><\/p>\n<p>&nbsp;<\/p>\n<p>El acto <strong>comenz\u00f3 con la entonaci\u00f3n de las estrofas del Himno Nacional Argentino y luego a las 15:00<\/strong>\u00a0 (momento del paso a la inmortalidad del General San Mart\u00edn), <strong>se realiz\u00f3 un minuto de silencio, se indic\u00f3.\u00a0<\/strong><\/p>\n<p>&nbsp;<\/p>\n<p><strong>Acompa\u00f1aron al intendente<\/strong>, el Jefe del Regimiento de Caballer\u00eda de Tanques II Tc. <strong>Cristian Castellanos<\/strong>, el jefe del Escuadr\u00f3n de Ingenieros Blindado I My. <strong>Fernando Etcheverry<\/strong>, el presidente del Concejo Deliberante, <strong>Bruno Cenizo<\/strong>, el presidente de la Asociaci\u00f3n Cultural Sanmartiniana, <strong>H\u00e9ctor Hoyos<\/strong>, el presidente del Consejo Escolar de Olavarr\u00eda <strong>Bruno Di Carlo<\/strong>, <strong>autoridades municipales, concejales, Bomberos Voluntarios, Agrupaci\u00f3n Veteranos de Guerra \u201c2 de Abril\u201d, Asociaci\u00f3n Cultural Belgraniana, Uni\u00f3n Nacional Soldados Continentales de Olavarr\u00eda y Centro Tradicionalista \u201cLa Seguidora\u201d<\/strong> en representaci\u00f3n de agrupaciones gauchas.<\/p>\n<p>&nbsp;<\/p>\n<p>Seguidamente<strong> se llev\u00f3 a cabo la colocaci\u00f3n de palmas al pie del monumento al Libertador.<\/strong> El intendente <strong>Galli<\/strong> lo hizo junto al secretario de Desarrollo Humano y Calidad de Vida, <strong>Diego Robbiani<\/strong> por la Municipalidad de Olavarr\u00eda, en representaci\u00f3n de la <strong>Guarnici\u00f3n Ej\u00e9rcito Olavarr\u00eda el Tc. Cristian Castellanos y el My. Fernando Etcheverry<\/strong>, por parte del <strong>Concejo Deliberante lo hizo su presidente, Bruno Cenizo y la concejal Mar\u00eda Jos\u00e9 Gonzalez<\/strong> y por la Asociaci\u00f3n Cultural Sanmartiniana el se\u00f1or <strong>H\u00e9ctor Hoyos<\/strong> y el suboficial principal <strong>Rito Germ\u00e1n L\u00f3pez.<\/strong><\/p>\n<p>&nbsp;<\/p>\n<p>El <strong>Teniente Primero Mat\u00edas Saurrautte brind\u00f3 palabras alusivas<\/strong> a esta emotiva fecha y con la entonaci\u00f3n de la <strong>Marcha de San Lorenzo culmin\u00f3 la conmemoraci\u00f3n.<\/strong><\/p>\n<p>&nbsp;<\/p>\n<p>&nbsp;<\/p>\n<p>&nbsp;<\/p>\n<p>&nbsp;<\/p>\n","protected":false},"excerpt":{"rendered":"<p>En la tarde de este martes, el intendente Ezequiel Galli encabez\u00f3 el acto por el 171\u00ba Aniversario del General Jos\u00e9<\/p>\n","protected":false},"author":6,"featured_media":29935,"comment_status":"closed","ping_status":"closed","sticky":false,"template":"","format":"standard","meta":{"_jetpack_memberships_contains_paid_content":false,"footnotes":""},"categories":[5,1],"tags":[],"class_list":["post-29928","post","type-post","status-publish","format-standard","has-post-thumbnail","hentry","category-informacion-general","category-portada"],"jetpack_featured_media_url":"https:\/\/i0.wp.com\/cdnoticias.com\/wp-content\/uploads\/2021\/08\/Acto-San-Martin-2-scaled.jpg?fit=2560%2C1711&ssl=1","jetpack_sharing_enabled":true,"_links":{"self":[{"href":"https:\/\/cdnoticias.com\/index.php\/wp-json\/wp\/v2\/posts\/29928","targetHints":{"allow":["GET"]}}],"collection":[{"href":"https:\/\/cdnoticias.com\/index.php\/wp-json\/wp\/v2\/posts"}],"about":[{"href":"https:\/\/cdnoticias.com\/index.php\/wp-json\/wp\/v2\/types\/post"}],"author":[{"embeddable":true,"href":"https:\/\/cdnoticias.com\/index.php\/wp-json\/wp\/v2\/users\/6"}],"replies":[{"embeddable":true,"href":"https:\/\/cdnoticias.com\/index.php\/wp-json\/wp\/v2\/comments?post=29928"}],"version-history":[{"count":0,"href":"https:\/\/cdnoticias.com\/index.php\/wp-json\/wp\/v2\/posts\/29928\/revisions"}],"wp:featuredmedia":[{"embeddable":true,"href":"https:\/\/cdnoticias.com\/index.php\/wp-json\/wp\/v2\/media\/29935"}],"wp:attachment":[{"href":"https:\/\/cdnoticias.com\/index.php\/wp-json\/wp\/v2\/media?parent=29928"}],"wp:term":[{"taxonomy":"category","embeddable":true,"href":"https:\/\/cdnoticias.com\/index.php\/wp-json\/wp\/v2\/categories?post=29928"},{"taxonomy":"post_tag","embeddable":true,"href":"https:\/\/cdnoticias.com\/index.php\/wp-json\/wp\/v2\/tags?post=29928"}],"curies":[{"name":"wp","href":"https:\/\/api.w.org\/{rel}","templated":true}]}}