{"id":29916,"date":"2021-08-17T16:23:21","date_gmt":"2021-08-17T19:23:21","guid":{"rendered":"http:\/\/www.centraldenoticias.com.ar\/?p=29916"},"modified":"2021-08-17T16:31:09","modified_gmt":"2021-08-17T19:31:09","slug":"nunca-vi-al-gobierno-anterior-pedir-perdon-por-endeudar-a-la-argentina","status":"publish","type":"post","link":"https:\/\/cdnoticias.com\/index.php\/2021\/08\/17\/nunca-vi-al-gobierno-anterior-pedir-perdon-por-endeudar-a-la-argentina\/","title":{"rendered":"\u201cNunca vi al gobierno anterior pedir perd\u00f3n por endeudar a la Argentina&#8221;"},"content":{"rendered":"<p>De esa manera Sergio Massa, el presidente de la C\u00e1mara de Diputado, se proclam\u00f3 en un acto llevado adelante en Florencia Varela.<!--more--><\/p>\n<hr \/>\n<p>El pedido de disculpas y explicaciones realizadas en los \u00faltimos d\u00edas por parte del presidente de la Naci\u00f3n Alberto Fern\u00e1ndez tras la viralizaci\u00f3n de una foto en la residencia de Olivos sigue dando que hablar. <strong>Quien se proclam\u00f3 al respecto en las \u00faltimas horas fue nada m\u00e1s y nada menos que Sergio Massa, el presidente de la C\u00e1mara de Diputados, quien inclusive estuvo a la par del m\u00e1ximo mandatario d\u00edas atr\u00e1s en Olavarr\u00eda, cuando Fern\u00e1ndez habl\u00f3 sobre esa situaci\u00f3n.<\/strong><\/p>\n<p>&nbsp;<\/p>\n<p>En las \u00faltimas horas Massa y Andr\u00e9s Watson, intendente de Florencio Varela, <strong>entregaron 40 veh\u00edculos policiales y 3 ambulancias para fortalecer el sistema de seguridad y emergencias de ese distrito bonaerense<\/strong>. Adem\u00e1s, realizaron la apertura de la calle Tinogasta, una arteria clave para el acceso al distrito.<\/p>\n<p>&nbsp;<\/p>\n<blockquote class=\"twitter-tweet\" data-width=\"550\" data-dnt=\"true\">\n<p lang=\"es\" dir=\"ltr\">\ud83d\udccc\u201cNunca vi al gobierno anterior pedir <br \/>perd\u00f3n por endeudar a la Argentina&quot;<\/p>\n<p>De esa manera Sergio Massa, el presidente de la C\u00e1mara de Diputados, se proclam\u00f3 en un acto llevado adelante en Florencia Varela, donde entregaron patrulleros y ambulancias.<a href=\"https:\/\/t.co\/h9rXhDO41g\">https:\/\/t.co\/h9rXhDO41g<\/a> <a href=\"https:\/\/t.co\/gphtiXpoC3\">pic.twitter.com\/gphtiXpoC3<\/a><\/p>\n<p>&mdash; Central de Noticias &#8211; Olavarr\u00eda (@cdnolavarria) <a href=\"https:\/\/twitter.com\/cdnolavarria\/status\/1427713914456924160?ref_src=twsrc%5Etfw\">August 17, 2021<\/a><\/p><\/blockquote>\n<p><script async src=\"https:\/\/platform.twitter.com\/widgets.js\" charset=\"utf-8\"><\/script><\/p>\n<p>&nbsp;<\/p>\n<p>Al respecto, Massa destac\u00f3 la inversi\u00f3n que realiza el Municipio y consider\u00f3 que &#8220;el desarrollo y mejora de los barrios empuja hacia una nueva calidad de vida de la gente. <strong>Es un trabajo dif\u00edcil porque estamos en pandemia, pero a pesar de todo Florencio Varela sigui\u00f3 adelante con un plan de obras que generan satisfacci\u00f3n&#8221;<\/strong>.<\/p>\n<p>&nbsp;<\/p>\n<p>En otro orden, ante la consulta sobre la pol\u00e9mica que se produjo alrededor del Presidente, Massa indic\u00f3: &#8220;<strong>Lo vi pedir perd\u00f3n, como hombre de bien que es, y plantear que hab\u00eda cometido un error. Yo me pregunto cu\u00e1ntas veces escuchamos en boca del gobierno que se fue la palabra &#8216;perd\u00f3n&#8217; por endeudar a la Argentina por las pr\u00f3ximas diez generaciones<\/strong>, por cerrar escuelas y hospitales, ser c\u00f3mplices de un modelo econ\u00f3mico que cerr\u00f3 f\u00e1bricas, comercios y dej\u00f3 gente sin trabajo&#8221;.<\/p>\n<p>&nbsp;<\/p>\n<blockquote><p>Del encuentro tambi\u00e9n participaron el jefe de Gabinete bonaerense, Carlos Bianco y el precandidato a diputado nacional por el Frente de Todos Daniel Goll\u00e1n, entre otros.<\/p><\/blockquote>\n<p>&nbsp;<\/p>\n<p>Y agreg\u00f3: &#8220;El Presidente tard\u00f3 24hs en pedir perd\u00f3n. Y en realidad vemos que quienes pretenden construir la alternancia de gobierno lo \u00fanico que hacen es esconder al se\u00f1or que fracas\u00f3 y cruzar candidatos de un lado a otro para ver si pueden disimular ese fracaso. <strong>En lugar de asumir con humildad y hombr\u00eda de bien como hizo Alberto hoy, un error que admite, se reconoce la culpa y se pide perd\u00f3n&#8221;.<\/strong><\/p>\n<p>&nbsp;<\/p>\n<p><strong>&#8220;Nunca los escuchamos pedir perd\u00f3n por armar operaciones judiciales y perseguir gente. Est\u00e1 claro que no saben construir y entonces apuestan a destruir&#8221;<\/strong>, concluy\u00f3.<\/p>\n","protected":false},"excerpt":{"rendered":"<p>De esa manera Sergio Massa, el presidente de la C\u00e1mara de Diputado, se proclam\u00f3 en un acto llevado adelante en<\/p>\n","protected":false},"author":3,"featured_media":29917,"comment_status":"closed","ping_status":"closed","sticky":false,"template":"","format":"standard","meta":{"_jetpack_memberships_contains_paid_content":false,"footnotes":""},"categories":[6],"tags":[],"class_list":["post-29916","post","type-post","status-publish","format-standard","has-post-thumbnail","hentry","category-nacionales"],"jetpack_featured_media_url":"https:\/\/i0.wp.com\/cdnoticias.com\/wp-content\/uploads\/2021\/08\/WhatsApp-Image-2021-08-17-at-16.13.17.jpeg?fit=1280%2C853&ssl=1","jetpack_sharing_enabled":true,"_links":{"self":[{"href":"https:\/\/cdnoticias.com\/index.php\/wp-json\/wp\/v2\/posts\/29916","targetHints":{"allow":["GET"]}}],"collection":[{"href":"https:\/\/cdnoticias.com\/index.php\/wp-json\/wp\/v2\/posts"}],"about":[{"href":"https:\/\/cdnoticias.com\/index.php\/wp-json\/wp\/v2\/types\/post"}],"author":[{"embeddable":true,"href":"https:\/\/cdnoticias.com\/index.php\/wp-json\/wp\/v2\/users\/3"}],"replies":[{"embeddable":true,"href":"https:\/\/cdnoticias.com\/index.php\/wp-json\/wp\/v2\/comments?post=29916"}],"version-history":[{"count":0,"href":"https:\/\/cdnoticias.com\/index.php\/wp-json\/wp\/v2\/posts\/29916\/revisions"}],"wp:featuredmedia":[{"embeddable":true,"href":"https:\/\/cdnoticias.com\/index.php\/wp-json\/wp\/v2\/media\/29917"}],"wp:attachment":[{"href":"https:\/\/cdnoticias.com\/index.php\/wp-json\/wp\/v2\/media?parent=29916"}],"wp:term":[{"taxonomy":"category","embeddable":true,"href":"https:\/\/cdnoticias.com\/index.php\/wp-json\/wp\/v2\/categories?post=29916"},{"taxonomy":"post_tag","embeddable":true,"href":"https:\/\/cdnoticias.com\/index.php\/wp-json\/wp\/v2\/tags?post=29916"}],"curies":[{"name":"wp","href":"https:\/\/api.w.org\/{rel}","templated":true}]}}