{"id":29886,"date":"2021-08-17T12:51:26","date_gmt":"2021-08-17T15:51:26","guid":{"rendered":"http:\/\/www.centraldenoticias.com.ar\/?p=29886"},"modified":"2021-08-17T12:51:26","modified_gmt":"2021-08-17T15:51:26","slug":"si-la-oposicion-hace-lo-mismo-que-el-gobierno-esto-sera-un-costo-para-todos","status":"publish","type":"post","link":"https:\/\/cdnoticias.com\/index.php\/2021\/08\/17\/si-la-oposicion-hace-lo-mismo-que-el-gobierno-esto-sera-un-costo-para-todos\/","title":{"rendered":"\u201cSi la oposici\u00f3n hace lo mismo que el gobierno, esto ser\u00e1 un costo para todos\u201d"},"content":{"rendered":"<p>El polit\u00f3logo olavarriense Andr\u00e9s Malamud realiz\u00f3 un an\u00e1lisis tras la foto del cumplea\u00f1os de Fabiola Ya\u00f1ez y el pedido de disculpas del presidente: analiz\u00f3 las legislativas y la interna en Juntos. \u201cdel Pro son candidatos de la pol\u00edtica, y del radicalismo son candidatos de la sociedad\u201d.\u00a0<!--more--><\/p>\n<hr \/>\n<p>Tras la publicaci\u00f3n de una foto en plena cuarentena de la celebraci\u00f3n del cumplea\u00f1os de la esposa del Presidente, Alberto Fern\u00e1ndez,<strong> el polit\u00f3logo Andr\u00e9s Malamud realiz\u00f3 un an\u00e1lisis de las posibles consecuencias y efectos en las elecciones, sumado al balance de lo que podr\u00e1 dejar la interna de Juntos.<\/strong><\/p>\n<p>&nbsp;<\/p>\n<p>Lo hizo en di\u00e1logo con Nacho Cerdera y Angie Gallardo para Radio Universidad, y explic\u00f3 que lo sucedido con la foto <em>\u201ces com\u00fan. La dirigencia pol\u00edtica muchas veces no cumple las normas que le impone a los dem\u00e1s\u201d<\/em>. El problema <em>\u201cen este caso es que el Presidente hab\u00eda hecho bandera de su palabra. Fue as\u00ed como se present\u00f3 ante Asamblea Legislativa, en marzo de 2020 en su primer discurso, cuando dijo que deb\u00eda recuperar el valor de la palabra. Y eso es precisamente lo que creo que perdi\u00f3 de forma definitiva\u201d.<\/em><\/p>\n<p>&nbsp;<\/p>\n<p>Lo compar\u00f3 con la oposici\u00f3n que <em>\u201cestuvieron en contra de la cuarentena, por lo tanto, violarla no era una inconsistencia, hac\u00edan lo que cre\u00edan, aunque sea ilegal. El Presidente hizo algo que es ilegal, y adem\u00e1s estaba en contra de lo que hab\u00eda obligado a hacer a todo el pueblo argentino. Y esa inconsistencia es lo que la opini\u00f3n p\u00fablica le est\u00e1 cobrando en las encuestas y quiz\u00e1s en las elecciones\u201d.<\/em><\/p>\n<p>&nbsp;<\/p>\n<p>Analizando las legislativas, apareci\u00f3<strong><em> \u201calgo interesante: hay un puente sobre la grieta. Lo que provoc\u00f3 la difusi\u00f3n de esta fiesta en Olivos fue transversal. Los apoyantes del presidente estaban disgustados, indignados, desencantados. Y no es f\u00e1cil encontrar en Argentina encontrar un tema que re\u00fana a todas las tribus\u201d.<\/em><\/strong><\/p>\n<p>&nbsp;<\/p>\n<blockquote><p>\u201cEl presidente en su ronda de disculpas no encontr\u00f3 el tono: primero lo neg\u00f3, luego le ech\u00f3 las culpas a la mujer, despu\u00e9s dijo que se hac\u00eda cargo a los gritos. No se pide disculpas a los gritos. El desagrado viene de adentro, no s\u00f3lo enfrente\u201d.<\/p><\/blockquote>\n<p>&nbsp;<\/p>\n<p>Con respecto a esta secuencia y Olavarr\u00eda,<em> \u201clo que pas\u00f3 en la ciudad est\u00e1 en el medio de esta secuencia. Esto es lo que viene provocando en el interior de la coalici\u00f3n de gobierno y los equipos m\u00e1s pr\u00f3ximos. <strong>El hecho de que no encuentran el tono y no saben c\u00f3mo hacer para dise\u00f1ar un gui\u00f3n de expresiones p\u00fablicas, de campa\u00f1as.<\/strong> No lo pueden callar al presidente\u201d.<\/em><\/p>\n<p>&nbsp;<\/p>\n<p><img data-recalc-dims=\"1\" loading=\"lazy\" decoding=\"async\" class=\"alignnone size-large wp-image-6830\" src=\"https:\/\/i0.wp.com\/cdnoticias.com\/wp-content\/uploads\/2020\/11\/Andres-Malamud1.jpeg?resize=800%2C449&#038;ssl=1\" alt=\"\" width=\"800\" height=\"449\" srcset=\"https:\/\/i0.wp.com\/cdnoticias.com\/wp-content\/uploads\/2020\/11\/Andres-Malamud1.jpeg?resize=1024%2C575&amp;ssl=1 1024w, https:\/\/i0.wp.com\/cdnoticias.com\/wp-content\/uploads\/2020\/11\/Andres-Malamud1.jpeg?resize=300%2C169&amp;ssl=1 300w, https:\/\/i0.wp.com\/cdnoticias.com\/wp-content\/uploads\/2020\/11\/Andres-Malamud1.jpeg?resize=768%2C432&amp;ssl=1 768w, https:\/\/i0.wp.com\/cdnoticias.com\/wp-content\/uploads\/2020\/11\/Andres-Malamud1.jpeg?w=1920&amp;ssl=1 1920w, https:\/\/i0.wp.com\/cdnoticias.com\/wp-content\/uploads\/2020\/11\/Andres-Malamud1.jpeg?w=1600&amp;ssl=1 1600w\" sizes=\"auto, (max-width: 800px) 100vw, 800px\" \/><\/p>\n<p>&nbsp;<\/p>\n<p>En este punto, compar\u00f3 los equipos de comunicaci\u00f3n con la gesti\u00f3n anterior:<em> \u201cEn el gobierno anterior se sab\u00eda que hab\u00eda un gran encuestador y analista, y un gran coordinador, que era Marcos Pe\u00f1a. Uno pod\u00eda estar de acuerdo o no pero se lo ve\u00eda que Macri estaba guionado y respond\u00eda al gui\u00f3n. Ahora no est\u00e1 guionado y por eso hace cosas que no hubiera hecho como presidente. En el caso de Alberto Fern\u00e1ndez no s\u00f3lo el presidente no respeta el gui\u00f3n, sino no est\u00e1 claro que haya guionista. No parece tener a nadie m\u00e1s inteligente que \u00e9l a su lado\u201d.<\/em><\/p>\n<p>&nbsp;<\/p>\n<p>Se\u00f1al\u00f3 los<em> \u201criesgos\u201d<\/em> del enojo en los ciudadanos <strong><em>\u201cque no distingue matices. Si la oposici\u00f3n hace lo mismo que el gobierno, grito de culpa, esto ser\u00e1 un costo para todos. Esto ser\u00e1 m\u00e1s abstenci\u00f3n, m\u00e1s voto en blanco, y una suba en los votos a los candidatos \u201cpintorescos\u201d que gritan m\u00e1s alto, como Milei\u201d.<\/em><\/strong><\/p>\n<p>&nbsp;<\/p>\n<p>De cara a las elecciones, la baja en la participaci\u00f3n de las elecciones en Salta es el \u201ccuarto s\u00edntoma\u201d. <em>\u201cYa hubo elecciones en R\u00edo Cuarto el a\u00f1o pasado, y en Misiones, Jujuy y Salta este a\u00f1o. En todas hubo menor participaci\u00f3n de personas. No fue enorme la reducci\u00f3n, <strong>pasaron del 70 al 60% pero se nota que hay menos gente votando. Hubo un aumento del voto en blanco, en Salta termin\u00f3 tercero con el 12%.<\/strong> Eso muestra el desencanto con la democracia, no s\u00f3lo con el gobierno\u201d.<\/em><\/p>\n<p>&nbsp;<\/p>\n<p><span style=\"text-decoration: underline;\"><strong>La interna de Juntos<\/strong><\/span><\/p>\n<p>&nbsp;<\/p>\n<p>Se\u00f1al\u00f3 como una instancia \u201cinteresante\u201d porque <strong><em>\u201cse enfrentan los candidatos y los Partidos\u201d.<\/em> <\/strong>Analiz\u00f3 que<em> \u201csi gana Santilli podemos esperar lo mismo que la coalici\u00f3n tradicional, que intercambia candidatos en distritos seg\u00fan encuestas, se mantenga con Larreta como principal candidato a presidente. Si gana Facundo Manes se invierte la relaci\u00f3n de fuerzas. Pero en cualquier caso, gane o pierda uno u otro, van a ir los dos en la lista, porque se van a intercalar\u201d.<\/em><\/p>\n<p>&nbsp;<\/p>\n<blockquote><p>\u201cSantilli y Manes ser\u00e1n candidatos y los dos ser\u00e1n diputados. Mi pregunta es: aunque gane Santilli, \u00bfqui\u00e9n ser\u00e1 m\u00e1s disruptivo, qui\u00e9n ser\u00e1 la novedad en la campa\u00f1a? Parece que la novedad viene independientemente del resultado de la PASO\u201d.<\/p><\/blockquote>\n<p>&nbsp;<\/p>\n<p>En el plano local, para cerrar, plante\u00f3 una situaci\u00f3n igual: <em>\u201cla interna repite el patr\u00f3n provincial y nacional: <strong>el Pro se presenta con los candidatos actuales, que son buenos, a la reelecci\u00f3n, y los radicales son los disruptivos, la novedad. Fue a la sociedad a buscar los candidatos, como pas\u00f3 en la Sociedad Rural.<\/strong> Son candidatos respetables de ambos lados, pero del Pro son candidatos de la pol\u00edtica, y del radicalismo son candidatos de la sociedad\u201d<\/em> cerr\u00f3.<\/p>\n","protected":false},"excerpt":{"rendered":"<p>El polit\u00f3logo olavarriense Andr\u00e9s Malamud realiz\u00f3 un an\u00e1lisis tras la foto del cumplea\u00f1os de Fabiola Ya\u00f1ez y el pedido de<\/p>\n","protected":false},"author":2,"featured_media":14777,"comment_status":"closed","ping_status":"closed","sticky":false,"template":"","format":"standard","meta":{"_jetpack_memberships_contains_paid_content":false,"footnotes":""},"categories":[4,1],"tags":[],"class_list":["post-29886","post","type-post","status-publish","format-standard","has-post-thumbnail","hentry","category-politica","category-portada"],"jetpack_featured_media_url":"https:\/\/i0.wp.com\/cdnoticias.com\/wp-content\/uploads\/2021\/02\/Andres-Malamud1.jpg?fit=4608%2C3072&ssl=1","jetpack_sharing_enabled":true,"_links":{"self":[{"href":"https:\/\/cdnoticias.com\/index.php\/wp-json\/wp\/v2\/posts\/29886","targetHints":{"allow":["GET"]}}],"collection":[{"href":"https:\/\/cdnoticias.com\/index.php\/wp-json\/wp\/v2\/posts"}],"about":[{"href":"https:\/\/cdnoticias.com\/index.php\/wp-json\/wp\/v2\/types\/post"}],"author":[{"embeddable":true,"href":"https:\/\/cdnoticias.com\/index.php\/wp-json\/wp\/v2\/users\/2"}],"replies":[{"embeddable":true,"href":"https:\/\/cdnoticias.com\/index.php\/wp-json\/wp\/v2\/comments?post=29886"}],"version-history":[{"count":0,"href":"https:\/\/cdnoticias.com\/index.php\/wp-json\/wp\/v2\/posts\/29886\/revisions"}],"wp:featuredmedia":[{"embeddable":true,"href":"https:\/\/cdnoticias.com\/index.php\/wp-json\/wp\/v2\/media\/14777"}],"wp:attachment":[{"href":"https:\/\/cdnoticias.com\/index.php\/wp-json\/wp\/v2\/media?parent=29886"}],"wp:term":[{"taxonomy":"category","embeddable":true,"href":"https:\/\/cdnoticias.com\/index.php\/wp-json\/wp\/v2\/categories?post=29886"},{"taxonomy":"post_tag","embeddable":true,"href":"https:\/\/cdnoticias.com\/index.php\/wp-json\/wp\/v2\/tags?post=29886"}],"curies":[{"name":"wp","href":"https:\/\/api.w.org\/{rel}","templated":true}]}}