{"id":29875,"date":"2021-08-17T11:03:03","date_gmt":"2021-08-17T14:03:03","guid":{"rendered":"http:\/\/www.centraldenoticias.com.ar\/?p=29875"},"modified":"2021-08-17T11:03:03","modified_gmt":"2021-08-17T14:03:03","slug":"las-infancias-en-situacion-de-discapacidades-deben-ser-agendas-prioritarias","status":"publish","type":"post","link":"https:\/\/cdnoticias.com\/index.php\/2021\/08\/17\/las-infancias-en-situacion-de-discapacidades-deben-ser-agendas-prioritarias\/","title":{"rendered":"&#8220;Las infancias en situaci\u00f3n de discapacidades deben ser agendas prioritarias&#8221;"},"content":{"rendered":"<p>Precandidatos de \u201cDar el Paso\u201d se reunieron con referentes de un grupo de madres y padres que vienen acompa\u00f1\u00e1ndose en la crianza de ni\u00f1as y ni\u00f1os en situaciones de discapacidades que \u201crequieren un abordaje espec\u00edfico\u201d.\u00a0<!--more--><\/p>\n<hr \/>\n<p>Los precandidatos a concejales por la lista &#8220;Dar el Paso&#8221;,<strong> Bel\u00e9n Vergel y Sebasti\u00e1n Matrella<\/strong> (representados a nivel provincial por la lista que encabeza Facundo Manes),<strong> se reunieron con referentes de un grupo de madres y padres que vienen acompa\u00f1\u00e1ndose en la crianza de ni\u00f1as y ni\u00f1os en situaciones de discapacidades que requieren un abordaje espec\u00edfico.<\/strong><\/p>\n<p>&nbsp;<\/p>\n<p>Estas familias adem\u00e1s de acompa\u00f1arse entre s\u00ed, consultarse y sostenerse,<em> \u201ctienen ideas y proyectos para compartir con la comunidad\u201d.<\/em> Explicaron en un comunicado que<em> \u201cles interesa poder brindar acompa\u00f1amiento a otras familias, sensibilizar a la sociedad acerca de sus necesidades y derechos, y promover el cumplimiento de los mismos para garantizar la igualdad de oportunidades. Tambi\u00e9n tienen sus reclamos ante un Estado que parece ser m\u00e1s un obst\u00e1culo burocr\u00e1tico y administrativo que un facilitador de las pol\u00edticas p\u00fablicas referidas a discapacidad, salud y educaci\u00f3n\u201d.<\/em><\/p>\n<p>&nbsp;<\/p>\n<p><img data-recalc-dims=\"1\" loading=\"lazy\" decoding=\"async\" class=\"alignnone size-large wp-image-29877\" src=\"https:\/\/i0.wp.com\/cdnoticias.com\/wp-content\/uploads\/2021\/08\/WhatsApp-Image-2021-08-17-at-10.18.43.jpeg?resize=800%2C600&#038;ssl=1\" alt=\"\" width=\"800\" height=\"600\" srcset=\"https:\/\/i0.wp.com\/cdnoticias.com\/wp-content\/uploads\/2021\/08\/WhatsApp-Image-2021-08-17-at-10.18.43.jpeg?resize=1024%2C768&amp;ssl=1 1024w, https:\/\/i0.wp.com\/cdnoticias.com\/wp-content\/uploads\/2021\/08\/WhatsApp-Image-2021-08-17-at-10.18.43.jpeg?resize=300%2C225&amp;ssl=1 300w, https:\/\/i0.wp.com\/cdnoticias.com\/wp-content\/uploads\/2021\/08\/WhatsApp-Image-2021-08-17-at-10.18.43.jpeg?resize=768%2C576&amp;ssl=1 768w, https:\/\/i0.wp.com\/cdnoticias.com\/wp-content\/uploads\/2021\/08\/WhatsApp-Image-2021-08-17-at-10.18.43.jpeg?w=1600&amp;ssl=1 1600w\" sizes=\"auto, (max-width: 800px) 100vw, 800px\" \/><\/p>\n<p>&nbsp;<\/p>\n<p>En la reuni\u00f3n se coincidi\u00f3 en que <strong><em>\u201chay mucho escrito, hay oficinas, secretar\u00edas, pero seg\u00fan afirmaron falta gesti\u00f3n, acompa\u00f1amiento y empat\u00eda\u201d.<\/em><\/strong> Agregaron que \u201cse necesita accionar lo que ya est\u00e1 establecido por las leyes vigentes para que realmente las pol\u00edticas p\u00fablicas sean aplicadas e inclusivas\u201d.<\/p>\n<p>&nbsp;<\/p>\n<p><strong>Bel\u00e9n Vergel apunt\u00f3 sobre la importancia de conocer datos concretos referidos a la tem\u00e1tica en el Partido de Olavarr\u00eda<\/strong>, c\u00f3mo funcionan las dependencias municipales vinculadas a discapacidad y qu\u00e9 se requiere para que esos espacios p\u00fablicos sean eficientes en su funcionamiento: <em>\u201cNecesitamos un Estado que gestione y el Concejo Deliberante debe velar por ello. Escuchar a la gente y tender lazos entre las organizaciones de la comunidad para potenciar todo lo que se pueda hacer para mejorar nuestra calidad de vida\u201d.<\/em><\/p>\n","protected":false},"excerpt":{"rendered":"<p>Precandidatos de \u201cDar el Paso\u201d se reunieron con referentes de un grupo de madres y padres que vienen acompa\u00f1\u00e1ndose en<\/p>\n","protected":false},"author":2,"featured_media":29876,"comment_status":"closed","ping_status":"closed","sticky":false,"template":"","format":"standard","meta":{"_jetpack_memberships_contains_paid_content":false,"footnotes":""},"categories":[4,1],"tags":[],"class_list":["post-29875","post","type-post","status-publish","format-standard","has-post-thumbnail","hentry","category-politica","category-portada"],"jetpack_featured_media_url":"https:\/\/i0.wp.com\/cdnoticias.com\/wp-content\/uploads\/2021\/08\/WhatsApp-Image-2021-08-17-at-10.17.24.jpeg?fit=1600%2C1200&ssl=1","jetpack_sharing_enabled":true,"_links":{"self":[{"href":"https:\/\/cdnoticias.com\/index.php\/wp-json\/wp\/v2\/posts\/29875","targetHints":{"allow":["GET"]}}],"collection":[{"href":"https:\/\/cdnoticias.com\/index.php\/wp-json\/wp\/v2\/posts"}],"about":[{"href":"https:\/\/cdnoticias.com\/index.php\/wp-json\/wp\/v2\/types\/post"}],"author":[{"embeddable":true,"href":"https:\/\/cdnoticias.com\/index.php\/wp-json\/wp\/v2\/users\/2"}],"replies":[{"embeddable":true,"href":"https:\/\/cdnoticias.com\/index.php\/wp-json\/wp\/v2\/comments?post=29875"}],"version-history":[{"count":0,"href":"https:\/\/cdnoticias.com\/index.php\/wp-json\/wp\/v2\/posts\/29875\/revisions"}],"wp:featuredmedia":[{"embeddable":true,"href":"https:\/\/cdnoticias.com\/index.php\/wp-json\/wp\/v2\/media\/29876"}],"wp:attachment":[{"href":"https:\/\/cdnoticias.com\/index.php\/wp-json\/wp\/v2\/media?parent=29875"}],"wp:term":[{"taxonomy":"category","embeddable":true,"href":"https:\/\/cdnoticias.com\/index.php\/wp-json\/wp\/v2\/categories?post=29875"},{"taxonomy":"post_tag","embeddable":true,"href":"https:\/\/cdnoticias.com\/index.php\/wp-json\/wp\/v2\/tags?post=29875"}],"curies":[{"name":"wp","href":"https:\/\/api.w.org\/{rel}","templated":true}]}}