{"id":2985,"date":"2020-10-02T09:54:37","date_gmt":"2020-10-02T12:54:37","guid":{"rendered":"http:\/\/www.centraldenoticias.com.ar\/?p=2985"},"modified":"2020-10-02T09:54:37","modified_gmt":"2020-10-02T12:54:37","slug":"buscan-denominar-florentina-gomez-miranda-al-puente-peatonal-de-hornos","status":"publish","type":"post","link":"https:\/\/cdnoticias.com\/index.php\/2020\/10\/02\/buscan-denominar-florentina-gomez-miranda-al-puente-peatonal-de-hornos\/","title":{"rendered":"Buscan denominar \u201cFlorentina G\u00f3mez Miranda\u201d al puente peatonal de Hornos"},"content":{"rendered":"<p>El proyecto fue presentado por \u201cj\u00f3venes y mujeres radicales\u201d en voz del concejal Mart\u00edn Lastape. Ser\u00e1 \u201cen reconocimiento a una gran defensora de los derechos civiles, la igualdad de g\u00e9nero y la no violencia\u201d.<!--more--><\/p>\n<hr \/>\n<p>En el marco del D\u00eda Internacional de la No Violencia, el bloque UCR present\u00f3 un proyecto de ordenanza \u201cimpulsado por j\u00f3venes y mujeres radicales\u201d para <strong>denominar \u201cFlorentina G\u00f3mez Miranda\u201d al puente peatonal de la calle Hornos en la zona del Parque Mitre.<\/strong><\/p>\n<p>&nbsp;<\/p>\n<p>La imposici\u00f3n ser\u00e1<em> \u201cen reconocimiento a una gran defensora de los derechos civiles, la igualdad de g\u00e9nero, y la No Violencia\u201d.<\/em><\/p>\n<p>&nbsp;<\/p>\n<blockquote><p>\u201cConsiderando que esta hist\u00f3rica dirigente radical es nacida en Olavarr\u00eda, podemos decir que en nuestra ciudad no se le ha dado un reconocimiento acorde a lo que ha sido su carrera pol\u00edtica y los grandes cambios que gener\u00f3 a partir de su labor\u201d.<\/p><\/blockquote>\n<p>&nbsp;<\/p>\n<p>El comunicado emitido por el bloque encabezado por el concejal Mart\u00edn Lastape cont\u00f3 que G\u00f3mez Miranda <em>\u201cfue pionera en la lucha feminista y la ampliaci\u00f3n de los derechos de las mujeres: en el \u00e1mbito del Congreso de la Naci\u00f3n creo la Comisi\u00f3n Familia, Mujer y Minoridad, donde present\u00f3 m\u00e1s de 150 proyectos legislativos de gran trascendencia social que produjeron cambios profundos en la vida de los argentinos\u201d.<\/em><\/p>\n<p>&nbsp;<\/p>\n<p><img data-recalc-dims=\"1\" loading=\"lazy\" decoding=\"async\" class=\"alignnone size-full wp-image-1824\" src=\"https:\/\/i0.wp.com\/cdnoticias.com\/wp-content\/uploads\/2020\/09\/HCD-lastape.jpg?resize=703%2C414&#038;ssl=1\" alt=\"\" width=\"703\" height=\"414\" srcset=\"https:\/\/i0.wp.com\/cdnoticias.com\/wp-content\/uploads\/2020\/09\/HCD-lastape.jpg?w=703&amp;ssl=1 703w, https:\/\/i0.wp.com\/cdnoticias.com\/wp-content\/uploads\/2020\/09\/HCD-lastape.jpg?resize=300%2C177&amp;ssl=1 300w\" sizes=\"auto, (max-width: 703px) 100vw, 703px\" \/><\/p>\n<p>&nbsp;<\/p>\n<p>Adem\u00e1s, <em>\u201cpuso en la agenda pol\u00edtica nacional la discusi\u00f3n sobre la patria potestad compartida, el divorcio vincular, la pensi\u00f3n al viudo, la igualdad entre los hijos matrimoniales y extramatrimoniales, el derecho de la mujer a seguir usando el apellido de soltera luego de casada, la pensi\u00f3n de la concubina y concubino y la ley de cupo femenino. Fue la primera Diputada en presentar un proyecto de despenalizaci\u00f3n del aborto tras la recuperaci\u00f3n de la democracia en 1983\u201d.<\/em><\/p>\n<p>&nbsp;<\/p>\n<p>El radicalismo se\u00f1al\u00f3 que esta denominaci\u00f3n <strong><em>\u201ces un primer paso para destacar a esta enorme dirigente hija de nuestra tierra, aguardando a que sea acompa\u00f1ado por el resto de los espacios pol\u00edticos\u201d.<\/em><\/strong><\/p>\n","protected":false},"excerpt":{"rendered":"<p>El proyecto fue presentado por \u201cj\u00f3venes y mujeres radicales\u201d en voz del concejal Mart\u00edn Lastape. Ser\u00e1 \u201cen reconocimiento a una<\/p>\n","protected":false},"author":2,"featured_media":2986,"comment_status":"closed","ping_status":"closed","sticky":false,"template":"","format":"standard","meta":{"_jetpack_memberships_contains_paid_content":false,"footnotes":""},"categories":[4,1],"tags":[],"class_list":["post-2985","post","type-post","status-publish","format-standard","has-post-thumbnail","hentry","category-politica","category-portada"],"jetpack_featured_media_url":"https:\/\/i0.wp.com\/cdnoticias.com\/wp-content\/uploads\/2020\/10\/puente-peatonal-hornos.jpg?fit=4248%2C2832&ssl=1","jetpack_sharing_enabled":true,"_links":{"self":[{"href":"https:\/\/cdnoticias.com\/index.php\/wp-json\/wp\/v2\/posts\/2985","targetHints":{"allow":["GET"]}}],"collection":[{"href":"https:\/\/cdnoticias.com\/index.php\/wp-json\/wp\/v2\/posts"}],"about":[{"href":"https:\/\/cdnoticias.com\/index.php\/wp-json\/wp\/v2\/types\/post"}],"author":[{"embeddable":true,"href":"https:\/\/cdnoticias.com\/index.php\/wp-json\/wp\/v2\/users\/2"}],"replies":[{"embeddable":true,"href":"https:\/\/cdnoticias.com\/index.php\/wp-json\/wp\/v2\/comments?post=2985"}],"version-history":[{"count":0,"href":"https:\/\/cdnoticias.com\/index.php\/wp-json\/wp\/v2\/posts\/2985\/revisions"}],"wp:featuredmedia":[{"embeddable":true,"href":"https:\/\/cdnoticias.com\/index.php\/wp-json\/wp\/v2\/media\/2986"}],"wp:attachment":[{"href":"https:\/\/cdnoticias.com\/index.php\/wp-json\/wp\/v2\/media?parent=2985"}],"wp:term":[{"taxonomy":"category","embeddable":true,"href":"https:\/\/cdnoticias.com\/index.php\/wp-json\/wp\/v2\/categories?post=2985"},{"taxonomy":"post_tag","embeddable":true,"href":"https:\/\/cdnoticias.com\/index.php\/wp-json\/wp\/v2\/tags?post=2985"}],"curies":[{"name":"wp","href":"https:\/\/api.w.org\/{rel}","templated":true}]}}