{"id":29826,"date":"2021-08-16T17:04:40","date_gmt":"2021-08-16T20:04:40","guid":{"rendered":"http:\/\/www.centraldenoticias.com.ar\/?p=29826"},"modified":"2021-08-16T19:26:30","modified_gmt":"2021-08-16T22:26:30","slug":"hubo-un-fallecido-por-covid-olavarria-tiene-22-nuevos-casos-y-bajo-de-los-200-activos","status":"publish","type":"post","link":"https:\/\/cdnoticias.com\/index.php\/2021\/08\/16\/hubo-un-fallecido-por-covid-olavarria-tiene-22-nuevos-casos-y-bajo-de-los-200-activos\/","title":{"rendered":"Hubo un fallecido por COVID, Olavarr\u00eda tiene 22 nuevos casos y baj\u00f3 de los 200 activos"},"content":{"rendered":"<p>El hombre que muri\u00f3 ten\u00eda 80 a\u00f1os. Hubo, en paralelo, 31 altas, lo que arroj\u00f3 un total de 198 casos activos. Actualmente, hay 16 personas internadas en el Hospital.\u00a0<!--more--><\/p>\n<hr \/>\n<p>En la jornada de este lunes, <strong>el Municipio inform\u00f3 el fallecimiento de un hombre de 80 a\u00f1os por COVID. En paralelo, se conoci\u00f3 una buena noticia: Olavarr\u00eda baj\u00f3 de los 200 casos activos, con 22 hisopados positivos de coronavirus.<\/strong><\/p>\n<p>&nbsp;<\/p>\n<blockquote><p>Seg\u00fan se explic\u00f3 desde la Secretar\u00eda de Salud, el hombre fallecido ten\u00eda 80 a\u00f1os y estuvo internado nueve d\u00edas en el \u00e1rea de Cuidados Generales del Hospital Municipal.<\/p><\/blockquote>\n<p>&nbsp;<\/p>\n<p>De 135 testeos realizados, 22 resultaron positivos y se descartaron 113. De los 22 positivos de hoy, diez corresponden a los testeos en el Club El Fort\u00edn. Todas las muestras se procesan en el Hospital Municipal.<\/p>\n<p>&nbsp;<\/p>\n<p><img data-recalc-dims=\"1\" loading=\"lazy\" decoding=\"async\" class=\"alignnone size-large wp-image-29829\" src=\"https:\/\/i0.wp.com\/cdnoticias.com\/wp-content\/uploads\/2021\/08\/WhatsApp-Image-2021-08-16-at-16.54.48.jpeg?resize=800%2C800&#038;ssl=1\" alt=\"\" width=\"800\" height=\"800\" srcset=\"https:\/\/i0.wp.com\/cdnoticias.com\/wp-content\/uploads\/2021\/08\/WhatsApp-Image-2021-08-16-at-16.54.48.jpeg?resize=1024%2C1024&amp;ssl=1 1024w, https:\/\/i0.wp.com\/cdnoticias.com\/wp-content\/uploads\/2021\/08\/WhatsApp-Image-2021-08-16-at-16.54.48.jpeg?resize=150%2C150&amp;ssl=1 150w, https:\/\/i0.wp.com\/cdnoticias.com\/wp-content\/uploads\/2021\/08\/WhatsApp-Image-2021-08-16-at-16.54.48.jpeg?resize=300%2C300&amp;ssl=1 300w, https:\/\/i0.wp.com\/cdnoticias.com\/wp-content\/uploads\/2021\/08\/WhatsApp-Image-2021-08-16-at-16.54.48.jpeg?resize=768%2C768&amp;ssl=1 768w, https:\/\/i0.wp.com\/cdnoticias.com\/wp-content\/uploads\/2021\/08\/WhatsApp-Image-2021-08-16-at-16.54.48.jpeg?w=1280&amp;ssl=1 1280w\" sizes=\"auto, (max-width: 800px) 100vw, 800px\" \/><\/p>\n<p>&nbsp;<\/p>\n<p>Con 31 pacientes que recibieron el alta en las \u00faltimas 24 horas, <strong>Olavarr\u00eda tiene, tras varios meses, menos de 200 casos activos: son 198 los que est\u00e1n atravesando la enfermedad actualmente.<\/strong><\/p>\n<p>&nbsp;<\/p>\n<p>Sobre el estado actual del Hospital, se indic\u00f3 que<strong> hay cinco pacientes en Unidad de Terapia Intensiva y once en Cuidados Generales. No hay internados en Pediatr\u00eda.<\/strong><\/p>\n<p>&nbsp;<\/p>\n<p><img data-recalc-dims=\"1\" loading=\"lazy\" decoding=\"async\" class=\"alignnone size-large wp-image-29828\" src=\"https:\/\/i0.wp.com\/cdnoticias.com\/wp-content\/uploads\/2021\/08\/WhatsApp-Image-2021-08-16-at-16.54.49.jpeg?resize=800%2C800&#038;ssl=1\" alt=\"\" width=\"800\" height=\"800\" srcset=\"https:\/\/i0.wp.com\/cdnoticias.com\/wp-content\/uploads\/2021\/08\/WhatsApp-Image-2021-08-16-at-16.54.49.jpeg?resize=1024%2C1024&amp;ssl=1 1024w, https:\/\/i0.wp.com\/cdnoticias.com\/wp-content\/uploads\/2021\/08\/WhatsApp-Image-2021-08-16-at-16.54.49.jpeg?resize=150%2C150&amp;ssl=1 150w, https:\/\/i0.wp.com\/cdnoticias.com\/wp-content\/uploads\/2021\/08\/WhatsApp-Image-2021-08-16-at-16.54.49.jpeg?resize=300%2C300&amp;ssl=1 300w, https:\/\/i0.wp.com\/cdnoticias.com\/wp-content\/uploads\/2021\/08\/WhatsApp-Image-2021-08-16-at-16.54.49.jpeg?resize=768%2C767&amp;ssl=1 768w, https:\/\/i0.wp.com\/cdnoticias.com\/wp-content\/uploads\/2021\/08\/WhatsApp-Image-2021-08-16-at-16.54.49.jpeg?w=1280&amp;ssl=1 1280w\" sizes=\"auto, (max-width: 800px) 100vw, 800px\" \/><\/p>\n<p>&nbsp;<\/p>\n<p>En este sentido, desde la Secretar\u00eda de Salud Municipal aseguraron que el 92% de los casos positivos corresponden a personas con menos de 60 a\u00f1os y el 8% a mayores de 60 a\u00f1os.<\/p>\n","protected":false},"excerpt":{"rendered":"<p>El hombre que muri\u00f3 ten\u00eda 80 a\u00f1os. Hubo, en paralelo, 31 altas, lo que arroj\u00f3 un total de 198 casos<\/p>\n","protected":false},"author":2,"featured_media":21523,"comment_status":"closed","ping_status":"closed","sticky":false,"template":"","format":"standard","meta":{"_jetpack_memberships_contains_paid_content":false,"footnotes":""},"categories":[16,1],"tags":[],"class_list":["post-29826","post","type-post","status-publish","format-standard","has-post-thumbnail","hentry","category-covid-19","category-portada"],"jetpack_featured_media_url":"https:\/\/i0.wp.com\/cdnoticias.com\/wp-content\/uploads\/2021\/05\/hospital-respiradores5.jpg?fit=800%2C445&ssl=1","jetpack_sharing_enabled":true,"_links":{"self":[{"href":"https:\/\/cdnoticias.com\/index.php\/wp-json\/wp\/v2\/posts\/29826","targetHints":{"allow":["GET"]}}],"collection":[{"href":"https:\/\/cdnoticias.com\/index.php\/wp-json\/wp\/v2\/posts"}],"about":[{"href":"https:\/\/cdnoticias.com\/index.php\/wp-json\/wp\/v2\/types\/post"}],"author":[{"embeddable":true,"href":"https:\/\/cdnoticias.com\/index.php\/wp-json\/wp\/v2\/users\/2"}],"replies":[{"embeddable":true,"href":"https:\/\/cdnoticias.com\/index.php\/wp-json\/wp\/v2\/comments?post=29826"}],"version-history":[{"count":0,"href":"https:\/\/cdnoticias.com\/index.php\/wp-json\/wp\/v2\/posts\/29826\/revisions"}],"wp:featuredmedia":[{"embeddable":true,"href":"https:\/\/cdnoticias.com\/index.php\/wp-json\/wp\/v2\/media\/21523"}],"wp:attachment":[{"href":"https:\/\/cdnoticias.com\/index.php\/wp-json\/wp\/v2\/media?parent=29826"}],"wp:term":[{"taxonomy":"category","embeddable":true,"href":"https:\/\/cdnoticias.com\/index.php\/wp-json\/wp\/v2\/categories?post=29826"},{"taxonomy":"post_tag","embeddable":true,"href":"https:\/\/cdnoticias.com\/index.php\/wp-json\/wp\/v2\/tags?post=29826"}],"curies":[{"name":"wp","href":"https:\/\/api.w.org\/{rel}","templated":true}]}}