{"id":29790,"date":"2021-08-15T19:56:16","date_gmt":"2021-08-15T22:56:16","guid":{"rendered":"http:\/\/www.centraldenoticias.com.ar\/?p=29790"},"modified":"2021-08-15T19:56:16","modified_gmt":"2021-08-15T22:56:16","slug":"este-domingo-se-aplicaron-168-dosis-contra-el-coronavirus","status":"publish","type":"post","link":"https:\/\/cdnoticias.com\/index.php\/2021\/08\/15\/este-domingo-se-aplicaron-168-dosis-contra-el-coronavirus\/","title":{"rendered":"Este domingo se aplicaron 168 dosis contra el Coronavirus"},"content":{"rendered":"<p>La mayor\u00eda correspondi\u00f3 a segundos componentes, lo que permiti\u00f3 que m\u00e1s olavarrienses culminen el esquema de vacunaci\u00f3n.<!--more--><\/p>\n<hr \/>\n<p>Sigue avanzado el Plan Provincial de Vacunaci\u00f3n en Olavarr\u00eda y en ese trayecto este domingo se aplicaron m\u00e1s 150 dosis. Inclusive, desde Regi\u00f3n Sanitaria IX <strong>se relat\u00f3 que las aplicaciones continuar\u00e1n durante la jornada de este lunes, pese al feriado.\u00a0<\/strong><\/p>\n<p>&nbsp;<\/p>\n<p>De acuerdo con lo que se precis\u00f3, en el Servicio Territorial Municipal 2 <strong>se aplicaron 168 dosis<\/strong>, 22 primeras dosis y 146 del segundo componente, lo que permiti\u00f3 que m\u00e1s olavarrienses culminen con el esquema de vacunaci\u00f3n.<\/p>\n<p>&nbsp;<\/p>\n<p>Este lunes habr\u00e1 vacunaci\u00f3n en el Centro Cultural Universitario, el Servicio Territorial 2 y la Facultad de Ciencias de la Salud.<\/p>\n<p>&nbsp;<\/p>\n<p>A la par, se expres\u00f3 que <strong>sigue desarroll\u00e1ndose la vacunaci\u00f3n libre para mayores de 18 a\u00f1os<\/strong> que acrediten domicilio en la localidad present\u00e1ndose con su DNI en cualquiera de las postas de vacunaci\u00f3n. A la par, <strong>contin\u00faa la inscripci\u00f3n a menores de 12 a 17 a\u00f1os<\/strong> a trav\u00e9s del sitio web <a href=\"http:\/\/www.vacunatepba.gba.gob.ar\" target=\"_blank\" rel=\"noopener\">www.vacunatepba.gba.gob.ar<\/a> para obtener el turno correspondiente y recibir la primera dosis, priorizando a quienes pertenecen a grupos de riesgo.<\/p>\n<p>&nbsp;<\/p>\n<blockquote><p>Durante este lunes feriado funcionar\u00e1 de 8 a 12 el Centro Provincial de Testeo ubicado en el Club el Fort\u00edn (Urquiza 2980), todas las personas que presenten sintomatolog\u00eda compatible con COVID ser\u00e1n hisopados.<\/p><\/blockquote>\n<p>&nbsp;<\/p>\n<p>Con respecto a la <strong>aplicaci\u00f3n de segundas dosis, se recuerda que para recibir la aplicaci\u00f3n es \u00fanicamente por turnos<\/strong>, por lo que se le pide a los vecinos y vecinas que est\u00e9n atentos a las notificaciones que se env\u00edan desde el Ministerio de Salud provincial.<\/p>\n<p>&nbsp;<\/p>\n<blockquote><p>Cualquier duda o consulta, podr\u00e1n acercarse a cualquiera de las cuatro postas ubicadas en: Servicio Territorial N\u00b02, Av. Alberdi 2543, de 8 a 18 hs; Facultad de Ciencias de la Salud, Merlo entre Av. Pringles y 9 de julio, de 8 a 18 hs; Centro Cultural Universitario, San Martin 1955, de 8 a 18 hs; y Mutual Carlos Alberto Moreno de Suteba, Collinet 4544, de 8 a 16 hs.<\/p><\/blockquote>\n<p>&nbsp;<\/p>\n<p>&nbsp;<\/p>\n","protected":false},"excerpt":{"rendered":"<p>La mayor\u00eda correspondi\u00f3 a segundos componentes, lo que permiti\u00f3 que m\u00e1s olavarrienses culminen el esquema de vacunaci\u00f3n.<\/p>\n","protected":false},"author":3,"featured_media":25804,"comment_status":"closed","ping_status":"closed","sticky":false,"template":"","format":"standard","meta":{"_jetpack_memberships_contains_paid_content":false,"footnotes":""},"categories":[16,1],"tags":[],"class_list":["post-29790","post","type-post","status-publish","format-standard","has-post-thumbnail","hentry","category-covid-19","category-portada"],"jetpack_featured_media_url":"https:\/\/i0.wp.com\/cdnoticias.com\/wp-content\/uploads\/2021\/07\/vacunacion-17.jpg?fit=4608%2C2563&ssl=1","jetpack_sharing_enabled":true,"_links":{"self":[{"href":"https:\/\/cdnoticias.com\/index.php\/wp-json\/wp\/v2\/posts\/29790","targetHints":{"allow":["GET"]}}],"collection":[{"href":"https:\/\/cdnoticias.com\/index.php\/wp-json\/wp\/v2\/posts"}],"about":[{"href":"https:\/\/cdnoticias.com\/index.php\/wp-json\/wp\/v2\/types\/post"}],"author":[{"embeddable":true,"href":"https:\/\/cdnoticias.com\/index.php\/wp-json\/wp\/v2\/users\/3"}],"replies":[{"embeddable":true,"href":"https:\/\/cdnoticias.com\/index.php\/wp-json\/wp\/v2\/comments?post=29790"}],"version-history":[{"count":0,"href":"https:\/\/cdnoticias.com\/index.php\/wp-json\/wp\/v2\/posts\/29790\/revisions"}],"wp:featuredmedia":[{"embeddable":true,"href":"https:\/\/cdnoticias.com\/index.php\/wp-json\/wp\/v2\/media\/25804"}],"wp:attachment":[{"href":"https:\/\/cdnoticias.com\/index.php\/wp-json\/wp\/v2\/media?parent=29790"}],"wp:term":[{"taxonomy":"category","embeddable":true,"href":"https:\/\/cdnoticias.com\/index.php\/wp-json\/wp\/v2\/categories?post=29790"},{"taxonomy":"post_tag","embeddable":true,"href":"https:\/\/cdnoticias.com\/index.php\/wp-json\/wp\/v2\/tags?post=29790"}],"curies":[{"name":"wp","href":"https:\/\/api.w.org\/{rel}","templated":true}]}}