{"id":2979,"date":"2020-10-02T09:26:05","date_gmt":"2020-10-02T12:26:05","guid":{"rendered":"http:\/\/www.centraldenoticias.com.ar\/?p=2979"},"modified":"2020-10-02T09:26:05","modified_gmt":"2020-10-02T12:26:05","slug":"en-busqueda-de-los-dolares-perdidos-bajan-las-retenciones-un-3","status":"publish","type":"post","link":"https:\/\/cdnoticias.com\/index.php\/2020\/10\/02\/en-busqueda-de-los-dolares-perdidos-bajan-las-retenciones-un-3\/","title":{"rendered":"En b\u00fasqueda de los d\u00f3lares perdidos: bajan las retenciones un 3%"},"content":{"rendered":"<p>El ministro de Econom\u00eda Mart\u00edn Guzm\u00e1n anunci\u00f3 una bater\u00eda de medidas para \u201calentar exportaciones y favorecer el ingreso de d\u00f3lares\u201d. Una de ellas ser\u00e1 la reducci\u00f3n de la retenci\u00f3n para la soja del 33 al 30% en octubre para volver al mismo nivel en enero.<!--more--><\/p>\n<hr \/>\n<p>Este jueves el <strong>Ministro de Econom\u00eda de la Naci\u00f3n, Mart\u00edn Guzm\u00e1n<\/strong>, anunci\u00f3 un paquete de medidas para alentar el ingreso de d\u00f3lares en un momento complicado de la econom\u00eda argentina. <strong>Una de estas medidas ser\u00e1 la reducci\u00f3n de retenciones de la soja en un 3%.<\/strong><\/p>\n<p>&nbsp;<\/p>\n<blockquote><p>Los derechos de exportaci\u00f3n para el grano se reducir\u00e1n de 33 a 30% en octubre, para luego aumentar paulatinamente en noviembre (31,5%), diciembre (32%) y regresar al 33% en enero.<\/p><\/blockquote>\n<p>&nbsp;<\/p>\n<p>Se aplicar\u00e1 un<em> \u201csistema de compensaci\u00f3n y est\u00edmulo\u201d<\/em> a peque\u00f1os productores de soja y cooperativas, que <strong>demandar\u00e1 una inversi\u00f3n p\u00fablica importante para el sector, de $11.500 millones.<\/strong><\/p>\n<p>&nbsp;<\/p>\n<p>Adem\u00e1s, se anunci\u00f3 tambi\u00e9n que <strong>se reducir\u00e1n los derechos de carne enfriada, de un 9% a 5%.<\/strong><\/p>\n<p>&nbsp;<\/p>\n<p><em>&#8220;El objetivo es promover sectores clave para el desarrollo de bienes exportables y alentar el mercado interno&#8221;<\/em>, dijo el funcionario.<\/p>\n<p>&nbsp;<\/p>\n<p>La meta, claro est\u00e1, ser\u00e1 <strong>contener el precio del d\u00f3lar y la fuga de reservas del Banco Central, aumentar la confianza en el peso y el volumen de las exportaciones del pa\u00eds.<\/strong><\/p>\n","protected":false},"excerpt":{"rendered":"<p>El ministro de Econom\u00eda Mart\u00edn Guzm\u00e1n anunci\u00f3 una bater\u00eda de medidas para \u201calentar exportaciones y favorecer el ingreso de d\u00f3lares\u201d.<\/p>\n","protected":false},"author":2,"featured_media":2980,"comment_status":"closed","ping_status":"closed","sticky":false,"template":"","format":"standard","meta":{"_jetpack_memberships_contains_paid_content":false,"footnotes":""},"categories":[6,1],"tags":[],"class_list":["post-2979","post","type-post","status-publish","format-standard","has-post-thumbnail","hentry","category-nacionales","category-portada"],"jetpack_featured_media_url":"https:\/\/i0.wp.com\/cdnoticias.com\/wp-content\/uploads\/2020\/10\/Martin-Guzman-anuncios.jpg?fit=1920%2C1080&ssl=1","jetpack_sharing_enabled":true,"_links":{"self":[{"href":"https:\/\/cdnoticias.com\/index.php\/wp-json\/wp\/v2\/posts\/2979","targetHints":{"allow":["GET"]}}],"collection":[{"href":"https:\/\/cdnoticias.com\/index.php\/wp-json\/wp\/v2\/posts"}],"about":[{"href":"https:\/\/cdnoticias.com\/index.php\/wp-json\/wp\/v2\/types\/post"}],"author":[{"embeddable":true,"href":"https:\/\/cdnoticias.com\/index.php\/wp-json\/wp\/v2\/users\/2"}],"replies":[{"embeddable":true,"href":"https:\/\/cdnoticias.com\/index.php\/wp-json\/wp\/v2\/comments?post=2979"}],"version-history":[{"count":0,"href":"https:\/\/cdnoticias.com\/index.php\/wp-json\/wp\/v2\/posts\/2979\/revisions"}],"wp:featuredmedia":[{"embeddable":true,"href":"https:\/\/cdnoticias.com\/index.php\/wp-json\/wp\/v2\/media\/2980"}],"wp:attachment":[{"href":"https:\/\/cdnoticias.com\/index.php\/wp-json\/wp\/v2\/media?parent=2979"}],"wp:term":[{"taxonomy":"category","embeddable":true,"href":"https:\/\/cdnoticias.com\/index.php\/wp-json\/wp\/v2\/categories?post=2979"},{"taxonomy":"post_tag","embeddable":true,"href":"https:\/\/cdnoticias.com\/index.php\/wp-json\/wp\/v2\/tags?post=2979"}],"curies":[{"name":"wp","href":"https:\/\/api.w.org\/{rel}","templated":true}]}}