{"id":29771,"date":"2021-08-15T12:54:00","date_gmt":"2021-08-15T15:54:00","guid":{"rendered":"http:\/\/www.centraldenoticias.com.ar\/?p=29771"},"modified":"2021-08-15T12:54:00","modified_gmt":"2021-08-15T15:54:00","slug":"volvio-el-servicio-electrico-en-los-sectores-afectados-cercanos-al-pikelado","status":"publish","type":"post","link":"https:\/\/cdnoticias.com\/index.php\/2021\/08\/15\/volvio-el-servicio-electrico-en-los-sectores-afectados-cercanos-al-pikelado\/","title":{"rendered":"Volvi\u00f3 el servicio el\u00e9ctrico en los sectores afectados cercanos al Pikelado"},"content":{"rendered":"<p>El personal de Coopelectric restableci\u00f3 el servicio. El corte se extendi\u00f3 por una hora y media aproximadamente.<!--more--><\/p>\n<hr \/>\n<p><strong>Coopelectric inform\u00f3 que se restableci\u00f3 la l\u00ednea de media tensi\u00f3n que alimenta la zona del Pikelado<\/strong>, con lo que se recuper\u00f3 el servicio de electricidad.<\/p>\n<p>&nbsp;<\/p>\n<p><a href=\"https:\/\/cdnoticias.com\/index.php\/2021\/08\/15\/dos-sectores-de-la-ciudad-sin-electricidad\/\" target=\"_blank\" rel=\"noopener\">Se hab\u00edan visto afectados dos sectores<\/a> ubicados entre San Mart\u00edn, Jun\u00edn, Del Valle y calle 13; y entre Del Valle, Jun\u00edn, Buchardo y Alberdi.<\/p>\n<p>&nbsp;<\/p>\n<p>El corte se extendi\u00f3 por <strong>una hora y media aproximadamente<\/strong>.<\/p>\n","protected":false},"excerpt":{"rendered":"<p>El personal de Coopelectric restableci\u00f3 el servicio. El corte se extendi\u00f3 por una hora y media aproximadamente.<\/p>\n","protected":false},"author":4,"featured_media":453,"comment_status":"closed","ping_status":"closed","sticky":false,"template":"","format":"standard","meta":{"_jetpack_memberships_contains_paid_content":false,"footnotes":""},"categories":[5,1],"tags":[],"class_list":["post-29771","post","type-post","status-publish","format-standard","has-post-thumbnail","hentry","category-informacion-general","category-portada"],"jetpack_featured_media_url":"https:\/\/i0.wp.com\/cdnoticias.com\/wp-content\/uploads\/2020\/09\/DSC_8512.jpg?fit=4608%2C3072&ssl=1","jetpack_sharing_enabled":true,"_links":{"self":[{"href":"https:\/\/cdnoticias.com\/index.php\/wp-json\/wp\/v2\/posts\/29771","targetHints":{"allow":["GET"]}}],"collection":[{"href":"https:\/\/cdnoticias.com\/index.php\/wp-json\/wp\/v2\/posts"}],"about":[{"href":"https:\/\/cdnoticias.com\/index.php\/wp-json\/wp\/v2\/types\/post"}],"author":[{"embeddable":true,"href":"https:\/\/cdnoticias.com\/index.php\/wp-json\/wp\/v2\/users\/4"}],"replies":[{"embeddable":true,"href":"https:\/\/cdnoticias.com\/index.php\/wp-json\/wp\/v2\/comments?post=29771"}],"version-history":[{"count":0,"href":"https:\/\/cdnoticias.com\/index.php\/wp-json\/wp\/v2\/posts\/29771\/revisions"}],"wp:featuredmedia":[{"embeddable":true,"href":"https:\/\/cdnoticias.com\/index.php\/wp-json\/wp\/v2\/media\/453"}],"wp:attachment":[{"href":"https:\/\/cdnoticias.com\/index.php\/wp-json\/wp\/v2\/media?parent=29771"}],"wp:term":[{"taxonomy":"category","embeddable":true,"href":"https:\/\/cdnoticias.com\/index.php\/wp-json\/wp\/v2\/categories?post=29771"},{"taxonomy":"post_tag","embeddable":true,"href":"https:\/\/cdnoticias.com\/index.php\/wp-json\/wp\/v2\/tags?post=29771"}],"curies":[{"name":"wp","href":"https:\/\/api.w.org\/{rel}","templated":true}]}}