{"id":29766,"date":"2021-08-15T14:12:09","date_gmt":"2021-08-15T17:12:09","guid":{"rendered":"http:\/\/www.centraldenoticias.com.ar\/?p=29766"},"modified":"2021-08-15T14:12:09","modified_gmt":"2021-08-15T17:12:09","slug":"belen-vergel-en-colonia-hinojo","status":"publish","type":"post","link":"https:\/\/cdnoticias.com\/index.php\/2021\/08\/15\/belen-vergel-en-colonia-hinojo\/","title":{"rendered":"Bel\u00e9n Vergel en Colonia Hinojo"},"content":{"rendered":"<p>La primera precandidata local de \u201cDar el Paso\u201d mantuvo un encuentro con los integrantes de la Sociedad Germana de Fomento. &#8220;Debemos trabajar fuertemente en la identidad de los pueblos\u201d consider\u00f3.<!--more--><\/p>\n<hr \/>\n<p><strong>La primera pre-candidata a concejal por la lista &#8220;Dar el Paso&#8221;<\/strong> que competir\u00e1 en las PASO dentro del espacio Juntos, sigue de recorrida por las localidades del partido de Olavarr\u00eda. En los \u00faltimos d\u00edas <strong>mantuvo un encuentro con los integrantes de la Sociedad Germana de Fomento de Colonia Hinojo<\/strong>.<\/p>\n<p>&nbsp;<\/p>\n<p><strong>Bel\u00e9n Vergel<\/strong> junto a los dem\u00e1s candidatos de la lista, siguen apostando fuerte a recorrer las localidades, donde seg\u00fan afirman <strong>&#8220;nos encontramos con muchas problem\u00e1ticas y una gran necesidad por parte de los vecinos de ser escuchados&#8221;<\/strong>.<\/p>\n<p>&nbsp;<\/p>\n<p>En esta oportunidad, Vergel se reuni\u00f3 con los integrantes de la Sociedad Germana de Fomento, quienes <strong>plantearon diversas problem\u00e1ticas respecto no s\u00f3lo a su instituci\u00f3n, sino a toda la comunidad<\/strong>. La importancia del <em>mantenimiento del Museo de los Alemanes del Volga, para conocimiento y fomento de sus tradiciones y su historia; la preocupaci\u00f3n respecto a la emigraci\u00f3n de j\u00f3venes y la falta de posibilidades que tienen de permanecer en la Colonia y acceder a una vivienda; el pedido reiterado de poder contar con una Delegaci\u00f3n propia;<\/em> fueron s\u00f3lo algunos de los temas que surgieron.<\/p>\n<p>&nbsp;<\/p>\n<blockquote><p>Seg\u00fan Vergel &#8220;m\u00e1s all\u00e1 de que conforman una Comisi\u00f3n, nos encontramos con un grupo de vecinos muy preocupados por su comunidad. Fue un encuentro muy enriquecedor y que no tengo duda nos permitir\u00e1 trabajar en conjunto prontamente&#8221;.<\/p><\/blockquote>\n<p>&nbsp;<\/p>\n<p>Luego agreg\u00f3 que &#8220;<strong>debemos trabajar fuertemente en la identidad de los pueblos, para que nadie deba irse a vivir a otros lugares por falta de oportunidades<\/strong>. El desarraigo es un punto muy preocupante en los pueblos y su gente. Venimos recorriendo las localidades hace tiempo y es una problem\u00e1tica com\u00fan que nos encontramos, al igual que la imposibilidad que manifiestan los vecinos de tener un canal de di\u00e1logo donde manifestar todas estas situaciones para poder avanzar en posibles soluciones&#8221;.<\/p>\n","protected":false},"excerpt":{"rendered":"<p>La primera precandidata local de \u201cDar el Paso\u201d mantuvo un encuentro con los integrantes de la Sociedad Germana de Fomento.<\/p>\n","protected":false},"author":4,"featured_media":29767,"comment_status":"closed","ping_status":"closed","sticky":false,"template":"","format":"standard","meta":{"_jetpack_memberships_contains_paid_content":false,"footnotes":""},"categories":[4,1],"tags":[],"class_list":["post-29766","post","type-post","status-publish","format-standard","has-post-thumbnail","hentry","category-politica","category-portada"],"jetpack_featured_media_url":"https:\/\/i0.wp.com\/cdnoticias.com\/wp-content\/uploads\/2021\/08\/UCR-vergel00.jpg?fit=800%2C445&ssl=1","jetpack_sharing_enabled":true,"_links":{"self":[{"href":"https:\/\/cdnoticias.com\/index.php\/wp-json\/wp\/v2\/posts\/29766","targetHints":{"allow":["GET"]}}],"collection":[{"href":"https:\/\/cdnoticias.com\/index.php\/wp-json\/wp\/v2\/posts"}],"about":[{"href":"https:\/\/cdnoticias.com\/index.php\/wp-json\/wp\/v2\/types\/post"}],"author":[{"embeddable":true,"href":"https:\/\/cdnoticias.com\/index.php\/wp-json\/wp\/v2\/users\/4"}],"replies":[{"embeddable":true,"href":"https:\/\/cdnoticias.com\/index.php\/wp-json\/wp\/v2\/comments?post=29766"}],"version-history":[{"count":0,"href":"https:\/\/cdnoticias.com\/index.php\/wp-json\/wp\/v2\/posts\/29766\/revisions"}],"wp:featuredmedia":[{"embeddable":true,"href":"https:\/\/cdnoticias.com\/index.php\/wp-json\/wp\/v2\/media\/29767"}],"wp:attachment":[{"href":"https:\/\/cdnoticias.com\/index.php\/wp-json\/wp\/v2\/media?parent=29766"}],"wp:term":[{"taxonomy":"category","embeddable":true,"href":"https:\/\/cdnoticias.com\/index.php\/wp-json\/wp\/v2\/categories?post=29766"},{"taxonomy":"post_tag","embeddable":true,"href":"https:\/\/cdnoticias.com\/index.php\/wp-json\/wp\/v2\/tags?post=29766"}],"curies":[{"name":"wp","href":"https:\/\/api.w.org\/{rel}","templated":true}]}}