{"id":29762,"date":"2021-08-15T12:14:20","date_gmt":"2021-08-15T15:14:20","guid":{"rendered":"http:\/\/www.centraldenoticias.com.ar\/?p=29762"},"modified":"2021-08-15T13:49:14","modified_gmt":"2021-08-15T16:49:14","slug":"robo-unos-6-metros-de-cables-y-termino-aprehendido","status":"publish","type":"post","link":"https:\/\/cdnoticias.com\/index.php\/2021\/08\/15\/robo-unos-6-metros-de-cables-y-termino-aprehendido\/","title":{"rendered":"Rob\u00f3 unos 6 metros de cables y termin\u00f3 aprehendido"},"content":{"rendered":"<p>Ocurri\u00f3 en la planta L\u00b4Amal\u00ed. El acusado es un hombre de 41 a\u00f1os y los cables fueron recuperados.<!--more--><\/p>\n<hr \/>\n<p><strong>Un caso de robo de cables de una empresa termin\u00f3 con el hallazgo del acusado y de los art\u00edculos sustra\u00eddos<\/strong>. Ocurri\u00f3 en las \u00faltimas horas <strong>en la localidad de Loma Negra<\/strong> donde intervino el personal de la Subcomisar\u00eda.<\/p>\n<p>&nbsp;<\/p>\n<p>Seg\u00fan se pudo saber, en la dependencia policial se recibi\u00f3 un llamado que llev\u00f3 a los efectivos<strong> a la f\u00e1brica L\u00b4Amal\u00ed<\/strong>.<\/p>\n<p>&nbsp;<\/p>\n<blockquote><p>All\u00ed fue aprehendido un hombre de 41 a\u00f1os. Seg\u00fan se detall\u00f3, instantes antes hab\u00eda sustra\u00eddo varios cortes de distintos cables. Fueron hallados en su poder al momento de la aprehensi\u00f3n y fueron recogidos como elementos probatorios m\u00e1s de 6 metros de distintos cables.<\/p><\/blockquote>\n<p>&nbsp;<\/p>\n<p>En cuanto al acusado, fue trasladado a la Subcomisar\u00eda de Loma Negra. Se iniciaron actuaciones por <strong>\u201ctentativa de robo\u201d con intervenci\u00f3n de la UFI N.\u00ba 4 loca<\/strong>l.<\/p>\n","protected":false},"excerpt":{"rendered":"<p>Ocurri\u00f3 en la planta L\u00b4Amal\u00ed. El acusado es un hombre de 41 a\u00f1os y los cables fueron recuperados.<\/p>\n","protected":false},"author":4,"featured_media":29764,"comment_status":"closed","ping_status":"closed","sticky":false,"template":"","format":"standard","meta":{"_jetpack_memberships_contains_paid_content":false,"footnotes":""},"categories":[14,1],"tags":[],"class_list":["post-29762","post","type-post","status-publish","format-standard","has-post-thumbnail","hentry","category-policiales","category-portada"],"jetpack_featured_media_url":"https:\/\/i0.wp.com\/cdnoticias.com\/wp-content\/uploads\/2021\/08\/robo-lamali-loma-negra.jpg?fit=800%2C445&ssl=1","jetpack_sharing_enabled":true,"_links":{"self":[{"href":"https:\/\/cdnoticias.com\/index.php\/wp-json\/wp\/v2\/posts\/29762","targetHints":{"allow":["GET"]}}],"collection":[{"href":"https:\/\/cdnoticias.com\/index.php\/wp-json\/wp\/v2\/posts"}],"about":[{"href":"https:\/\/cdnoticias.com\/index.php\/wp-json\/wp\/v2\/types\/post"}],"author":[{"embeddable":true,"href":"https:\/\/cdnoticias.com\/index.php\/wp-json\/wp\/v2\/users\/4"}],"replies":[{"embeddable":true,"href":"https:\/\/cdnoticias.com\/index.php\/wp-json\/wp\/v2\/comments?post=29762"}],"version-history":[{"count":0,"href":"https:\/\/cdnoticias.com\/index.php\/wp-json\/wp\/v2\/posts\/29762\/revisions"}],"wp:featuredmedia":[{"embeddable":true,"href":"https:\/\/cdnoticias.com\/index.php\/wp-json\/wp\/v2\/media\/29764"}],"wp:attachment":[{"href":"https:\/\/cdnoticias.com\/index.php\/wp-json\/wp\/v2\/media?parent=29762"}],"wp:term":[{"taxonomy":"category","embeddable":true,"href":"https:\/\/cdnoticias.com\/index.php\/wp-json\/wp\/v2\/categories?post=29762"},{"taxonomy":"post_tag","embeddable":true,"href":"https:\/\/cdnoticias.com\/index.php\/wp-json\/wp\/v2\/tags?post=29762"}],"curies":[{"name":"wp","href":"https:\/\/api.w.org\/{rel}","templated":true}]}}